{"id":6132,"date":"2022-10-17T08:40:18","date_gmt":"2022-10-17T06:40:18","guid":{"rendered":"https:\/\/www.adeo.com\/news\/habitatul-este-o-zona-in-care-populatia-si-individul-pot-actiona-direct\/"},"modified":"2022-12-19T09:06:42","modified_gmt":"2022-12-19T09:06:42","slug":"locuinta-este-un-domeniu-in-care-populatia-si-individul-pot-actiona-direct","status":"publish","type":"post","link":"https:\/\/www.adeo.com\/ro\/news\/locuinta-este-un-domeniu-in-care-populatia-si-individul-pot-actiona-direct\/","title":{"rendered":"\u201eLocuin\u021ba este un domeniu \u00een care popula\u021bia \u0219i individul pot ac\u021biona direct\u201d"},"content":{"rendered":"<div class=\"wpb-content-wrapper\"><p>[vc_row][vc_column][vc_column_text]<\/p>\n<h2><span class=\"keb-headings keb-titre-h4\">Tranzi\u021bia ecologic\u0103 ne va determina s\u0103 reg\u00e2ndim modul \u00een care construim \u0219i ocup\u0103m spa\u021biul. Care este viziunea dvs. asupra acestei locuin\u021be a viitorului?<\/span><\/h2>\n<p>Folosim \u0219i risipim extrem de mult\u0103 energie. C\u0103utarea eficien\u021bei trebuie s\u0103 fie cuv\u00e2ntul-cheie at\u00e2t \u00een prezent, c\u00e2t \u0219i \u00een viitor! Locuin\u021ba este un domeniu \u00een care putem ac\u021biona direct la nivel colectiv \u0219i individual. Exist\u0103 o gam\u0103 \u00eentreag\u0103 de solu\u021bii pentru a-i oferi un plus de durabilitate \u0219i a economisi resurse: materiale izolante din surse biologice, iluminat cu LED, sisteme de \u00eenc\u0103lzire economice energetic, contoare de energie personalizate, sisteme de colectare a apei de du\u0219, pompe de c\u0103ldur\u0103, panouri fotovoltaice, controlarea consumului de la distan\u021b\u0103 etc. Avem deja la dispozi\u021bie tehnologiile, doar mentalitatea necesit\u0103 schimbare.<\/p>\n<p>&nbsp;<\/p>\n<h2><span class=\"keb-headings keb-titre-h4\">Care este motivul pentru care comportamentele se schimb\u0103 mai lent dec\u00e2t tehnologiile? Are vreo leg\u0103tur\u0103 cu costurile?<\/span><\/h2>\n<p>Construirea unor cl\u0103diri mai eficiente din punct de vedere energetic sau renovarea celor existente necesit\u0103 o investi\u021bie ini\u021bial\u0103, \u00eens\u0103 amortizarea este rapid\u0103 datorit\u0103 economiilor mari de energie. Consumatorii trebuie s\u0103 \u00een\u021beleag\u0103 c\u0103 nu vor aduce sacrificii financiare \u0219i nu vor afecta deloc calitatea vie\u021bii lor. Dimpotriv\u0103! Doar c\u00e2\u021biva ani sunt suficien\u021bi pentru amortizarea lucr\u0103rilor de izola\u021bie sau instalarea unei pompe de c\u0103ldur\u0103. Ob\u021binem mai mult confort \u0219i reducem semnificativ facturile. \u00cen ceea ce prive\u0219te energiile regenerabile, instala\u021biile fotovoltaice sunt foarte profitabile. Ofer\u0103 acces la cea mai ieftin\u0103 energie din lume. De acum, provocarea va consta \u00een reducerea costurilor de depozitare la nivelul costurilor de produc\u021bie. \u00cen ceea ce prive\u0219te locuin\u021bele colective, continu\u0103m instalarea de contoare individuale de electricitate \u0219i ap\u0103 cald\u0103. Acestea sunt p\u00e2rghii extraordinare pentru economii! Administratorii sociali au, de asemenea, un interes personal \u00een a-\u0219i eficientiza asocia\u021bia de locuin\u021be din punct de vedere energetic. Cu c\u00e2t sunt mai eficiente pe plan energetic, cu at\u00e2t sunt mai pu\u021bin costisitoare pentru societate.<\/p>\n<p>&nbsp;<\/p>\n<h2><span class=\"keb-headings keb-titre-h4\">\u00cen urm\u0103 cu doi ani, Funda\u021bia Solar Impulse a \u00eencheiat un parteneriat cu ADEO. Are aceasta aceea\u0219i viziune asupra locuin\u021bei viitorului?<\/span><\/h2>\n<p>\u00cempreun\u0103 cu ADEO, credem cu adev\u0103rat c\u0103 putem \u00eemp\u0103ca economia cu ecologia. Noi ne concentr\u0103m mai degrab\u0103 pe pragmatism dec\u00e2t pe marile discursuri privind neutralitatea emisiilor de dioxid carbon \u0219i energiile regenerabile. Mai ales prin Leroy Merlin, ADEO distribuie solu\u021bii certificate de Funda\u021bia Solar Impulse: materiale pentru acoperi\u0219uri \u0219i de izola\u021bie termic\u0103 din surse biologice, capete de du\u0219 economice \u0219i inteligente. Compania \u00eencorporeaz\u0103 sustenabilitatea, eficien\u021ba \u0219i protec\u021bia mediului \u00een bunurile de consum cotidiene. Le ofer\u0103 clien\u021bilor solu\u021bii profitabile \u0219i benefice pentru mediu. Astfel, contribuie la schimbarea mentalit\u0103\u021bii. Colabor\u0103m pe termen lung. \u00cen 2021, am lansat \u00eempreun\u0103 demersul de inova\u021bie participativ\u0103: \u201ePositive Home Challenge\u201d. \u00cen cadrul acestuia, furnizori din \u00eentreaga lume au propus peste 300 de produse \u0219i solu\u021bii inovatoare \u0219i durabile. Pe baza acestui succes, \u00een 2022, am relansat evenimentul Positive Home Challenge 2, \u00een cadrul c\u0103ruia 50 de inovatori noi dintre cei 300 de candida\u021bi au avut oportunitatea de a prezenta solu\u021biile lor responsabililor de produse ADEO. Peste 40 dintre aceste solu\u021bii au st\u00e2rnit interesul \u0219i multe dintre acestea sunt testate \u00een magazinele ADEO din \u00eentreaga lume! Acest lucru \u00eenseamn\u0103 oportunit\u0103\u021bi de afaceri pentru inovatori \u0219i locuin\u021be mai ecologice pentru toat\u0103 lumea.<\/p>\n<h2><span class=\"keb-headings keb-titre-h4\">Progresul c\u0103tre aceast\u0103 locuin\u021b\u0103 mai bun\u0103 implic\u0103 reg\u00e2ndirea modelelor noastre de dezvoltare economic\u0103?<\/span><\/h2>\n<p>Trecerea de la risip\u0103 la eficien\u021b\u0103 depinde de noi! Este ceea ce numim \u201ecre\u0219tere calitativ\u0103\u201d. Aceasta ne permite s\u0103 cre\u0103m locuri de munc\u0103, putere de cump\u0103rare \u0219i profitabilitate, \u00eenlocuind elementele poluante cu cele care protejeaz\u0103 mediul. Este extrem de profitabil s\u0103 construim locuin\u021be care produc mai mult\u0103 energie dec\u00e2t consum\u0103. De asemenea, modernizarea reglement\u0103rilor va fi esen\u021bial\u0103 pentru a sprijini aceast\u0103 tranzi\u021bie ecologic\u0103 \u00een domeniul locuin\u021belor. Organul legislativ trebuie s\u0103 militeze mai intens pentru eficien\u021b\u0103. Trebuie s\u0103 se ia \u00een calcul \u00een cadrul achizi\u021biilor publice, iar respectarea anumitor standarde trebuie s\u0103 devin\u0103 obligatorie. \u00cen caz contrar, vom avea \u00een continuare dreptul de a emite legal CO2 \u00een atmosfer\u0103. Pentru a construi aceast\u0103 locuin\u021b\u0103 a viitorului, trebuie s\u0103 fim at\u00e2t logici, c\u00e2t \u0219i ecologici.[\/vc_column_text][\/vc_column][\/vc_row][vc_row][vc_column]<div class=\"adeo-section fullwidth bg-light\">\r\n\t<div class=\"ksc-lame-pictos\">\t\r\n        <div class=\"wrap-pictos wrap-resp\">\r\n                                    <div class=\"picto\">\r\n                                                                <div class=\"visu\" style=\"background-image:url('https:\/\/www.adeo.com\/wp-content\/uploads\/2022\/08\/picto-data-ok.svg');\"><\/div>\r\n                                                                <p class=\"titre keb-titre-h2\">40%<\/p>\r\n                                                                <p class=\"ss_titre keb-titre-h5\">din emisiile de CO2<\/p>\r\n                                                                <p class=\"texte\">provin din domeniul locuin\u021belor \u0219i construc\u021biilor<\/p>\r\n                                                    <\/div>\r\n                                    <div class=\"picto\">\r\n                                                                <div class=\"visu\" style=\"background-image:url('https:\/\/www.adeo.com\/wp-content\/uploads\/2022\/10\/picto-data-oeil.svg');\"><\/div>\r\n                                                                <p class=\"titre keb-titre-h2\">50%<\/p>\r\n                                                                <p class=\"ss_titre keb-titre-h5\">din consumul nostru de energie<\/p>\r\n                                                                <p class=\"texte\">poate fi economisit prin \u00eembun\u0103t\u0103\u021birea eficien\u021bei locuin\u021belor<\/p>\r\n                                                    <\/div>\r\n                                    <div class=\"picto\">\r\n                                                                <div class=\"visu\" style=\"background-image:url('https:\/\/www.adeo.com\/wp-content\/uploads\/2022\/10\/picto-data-loupe.svg');\"><\/div>\r\n                                                                <p class=\"titre keb-titre-h2\">82%<\/p>\r\n                                                                <p class=\"ss_titre keb-titre-h5\">din energia solar\u0103<\/p>\r\n                                                                <p class=\"texte\">a sc\u0103zut \u00een 20 de ani<\/p>\r\n                                                    <\/div>\r\n                    <\/div>\r\n\t<\/div>\r\n<\/div>\r\n[\/vc_column][\/vc_row]<\/p>\n<\/div>","protected":false},"excerpt":{"rendered":"<p>\u00cen 2016, Bertrand Piccard a realizat prima c\u0103l\u0103torie \u00een jurul lumii la bordul avionului Solar Impulse care nu necesit\u0103 combustibil.<\/p>\n","protected":false},"author":3,"featured_media":5702,"comment_status":"closed","ping_status":"open","sticky":false,"template":"","format":"standard","meta":{"_acf_changed":false,"inline_featured_image":false,"footnotes":""},"categories":[145],"tags":[],"class_list":["post-6132","post","type-post","status-publish","format-standard","has-post-thumbnail","hentry","category-intelegerea"],"acf":[],"_links":{"self":[{"href":"https:\/\/www.adeo.com\/ro\/wp-json\/wp\/v2\/posts\/6132","targetHints":{"allow":["GET"]}}],"collection":[{"href":"https:\/\/www.adeo.com\/ro\/wp-json\/wp\/v2\/posts"}],"about":[{"href":"https:\/\/www.adeo.com\/ro\/wp-json\/wp\/v2\/types\/post"}],"author":[{"embeddable":true,"href":"https:\/\/www.adeo.com\/ro\/wp-json\/wp\/v2\/users\/3"}],"replies":[{"embeddable":true,"href":"https:\/\/www.adeo.com\/ro\/wp-json\/wp\/v2\/comments?post=6132"}],"version-history":[{"count":0,"href":"https:\/\/www.adeo.com\/ro\/wp-json\/wp\/v2\/posts\/6132\/revisions"}],"wp:featuredmedia":[{"embeddable":true,"href":"https:\/\/www.adeo.com\/ro\/wp-json\/wp\/v2\/media\/5702"}],"wp:attachment":[{"href":"https:\/\/www.adeo.com\/ro\/wp-json\/wp\/v2\/media?parent=6132"}],"wp:term":[{"taxonomy":"category","embeddable":true,"href":"https:\/\/www.adeo.com\/ro\/wp-json\/wp\/v2\/categories?post=6132"},{"taxonomy":"post_tag","embeddable":true,"href":"https:\/\/www.adeo.com\/ro\/wp-json\/wp\/v2\/tags?post=6132"}],"curies":[{"name":"wp","href":"https:\/\/api.w.org\/{rel}","templated":true}]}}