{"id":10832,"date":"2022-12-20T23:00:23","date_gmt":"2022-12-20T22:00:23","guid":{"rendered":"https:\/\/www.adeo.com\/news\/les-bricos-du-coeur-adeo-sengage-benevolement-en-faveur-de-chantiers-damenagement-ou-de-decoration\/"},"modified":"2023-01-05T08:57:25","modified_gmt":"2023-01-05T08:57:25","slug":"les-bricos-du-coeur-ajutam-oamenii-care-ajuta-oameni","status":"publish","type":"post","link":"https:\/\/www.adeo.com\/ro\/news\/les-bricos-du-coeur-ajutam-oamenii-care-ajuta-oameni\/","title":{"rendered":"Les Bricos du Coeur \u2013 Ajut\u0103m oamenii care ajut\u0103 oameni"},"content":{"rendered":"<div class=\"wpb-content-wrapper\"><p>[vc_row][vc_column][vc_column_text]\u00cen octombrie 2011, probabil nu din \u00eent\u00e2mplare, primul proiect realizat de Les Bricos du C\u0153ur a fost pentru Les Restos du C\u0153ur. Cele dou\u0103 asocia\u021bii au luat na\u0219tere din aceea\u0219i dorin\u021b\u0103: cea de a pune lucrurile \u00een mi\u0219care. Les Bricos du C\u0153ur se axeaz\u0103 pe ajutarea oamenilor care ajut\u0103 oameni (asocia\u021bii, funda\u021bii, \u00c9HPAD (institu\u021bii de cazare a persoanelor \u00een v\u00e2rst\u0103 dependente), spitale etc.), \u00eembun\u0103t\u0103\u021bind mediul de lucru sau de via\u021b\u0103 al acestor organiza\u021bii sociale prin proiecte sau dona\u021bii de produse.<\/p>\n<p>&nbsp;<\/p>\n<p>&nbsp;<\/p>\n<h2><span class=\"keb-headings keb-titre-h4\" style=\"color: #009eac;\">Don\u0103m \u0219i bricol\u0103m \u00een mod util<\/span><\/h2>\n<p>&nbsp;<\/p>\n<p><em>\u201eLa originea asocia\u021biei Les Bricos du C\u0153ur se afl\u0103 patru colegi ADEO \u0219i o constatare: mult prea multe companii arunc\u0103 materialele de bricolaj de care nu mai au nevoie (produse nev\u00e2ndute, ambalaje cu imperfec\u021biuni, ultimele produse din serie, articole de expozi\u021bie etc.). Acest lucru nu numai c\u0103 implic\u0103 ni\u0219te costuri mari, dar nu este nici foarte responsabil. Aceste produse pot fi colectate pentru a sprijini, de exemplu, organiza\u021biile care ajut\u0103 oamenii afla\u021bi \u00een dificultate\u201d<\/em>, spune Laurent Vergult, pre\u0219edintele asocia\u021biei Les Bricos du C\u0153ur \u0219i lider \u00een domeniul provoc\u0103rilor privind solidaritatea la ADEO.<\/p>\n<p>Pentru a func\u021biona, <strong>asocia\u021bia poate conta pe aceste companii partenere pentru dona\u021bii financiare sau materiale, pe angaja\u021bii acestora, dar \u0219i pe voluntari sau tineri afla\u021bi \u00een serviciu civic, preg\u0103ti\u021bi s\u0103-\u0219i rup\u0103 din timp.<\/strong><\/p>\n<p><em>\u201eCompaniile apeleaz\u0103 la noi deoarece suntem renumi\u021bi pentru priceperea noastr\u0103 \u00een domeniul proiectelor de solidaritate. Astfel, le pot oferi cu u\u0219urin\u021b\u0103 colegilor posibilitatea de a participa la o ac\u021biune de solidaritate.\u201d<\/em>. McCain, Saint Gobain, Rexel, Ryobi\u2026 se implic\u0103 mai mul\u021bi dintre ace\u0219tia. Apoi, bine\u00een\u021beles, ne este al\u0103turi \u0219i ADEO.<\/p>\n<p>&nbsp;<\/p>\n<p>&nbsp;<\/p>\n<h2><span class=\"keb-headings keb-titre-h4\" style=\"color: #009eac;\">ADEO x Les Bricos du C\u0153ur, un parteneriat natural<\/span><\/h2>\n<p>&nbsp;<\/p>\n<p>Parteneriatul era evident: Les Bricos du C\u0153ur are exact acelea\u0219i valori ca ADEO \u0219i le ofer\u0103 liderilor platformei posibilitatea de a fi tot mai utili, iar colegilor posibilitatea de a deveni voluntari \u00een cadrul proiectelor sau de a-\u0219i mobiliza competen\u021bele.<\/p>\n<p><strong>Obiectivul stabilit de ADEO: 1000 de proiecte realizate pe an \u00een \u00eentreaga lume; \u00een plus, fiecare coleg nou va realiza un proiect de solidaritate \u00een cadrul integr\u0103rii sale.<\/strong><\/p>\n<p>De asemenea, ADEO se angajeaz\u0103 s\u0103 doneze un milion de produse utile \u0219i solidare pe an. <em>\u201eADEO ne sprijin\u0103, at\u00e2t pe plan financiar, c\u00e2t \u0219i prin primirea cortului nostru, un adev\u0103rat punct de colectare a produselor pe care le primim, \u00een parcarea Terradeo din Ronchin. Produse utilizate \u00een cadrul proiectelor de solidaritate sau donate organiza\u021biilor.\u201d <\/em><\/p>\n<p>&nbsp;<\/p>\n<p>&nbsp;<\/p>\n<h2><span class=\"keb-headings keb-titre-h4\" style=\"color: #009eac;\">Ac\u021bion\u0103m pentru a dezvolta \u0219i mai multe proiecte de solidaritate<\/span><\/h2>\n<p>&nbsp;<\/p>\n<p>Asocia\u021bia Les Bricos du C\u0153ur se afl\u0103 mereu \u00een mi\u0219care, inov\u00e2nd \u00eencontinuu.<\/p>\n<p><strong>Exist\u0103 multe proiecte \u00een desf\u0103\u0219urare: <\/strong> crearea unui <strong>site <\/strong> pentru prezentarea ofertelor de voluntariat, dar \u0219i a unui <strong>site de comer\u021b electronic<\/strong> pentru a favoriza fluxul stocurilor de produse pentru un public mai larg dec\u00e2t singura pia\u021b\u0103 local\u0103. Concret, \u00een ceea ce prive\u0219te produsele, Les Bricos du C\u0153ur lucreaz\u0103 \u00een prezent la o list\u0103 cu cele mai solicitate <strong>100 de produse, pentru a apela la companii \u00een acest sens.<\/strong><\/p>\n<p>Apoi, mai avem \u0219i proiectul privind re\u021beaua de magazine de feronerie solidare, destinate persoanelor cu venituri modeste, precum \u0219i cel de a crea un loc ter\u021b \u00een cl\u0103direa unei \u0219coli desfiin\u021bate, \u00een care s\u0103 se stabileasc\u0103 sediul asocia\u021biei Les Bricos du C\u0153ur, un magazin de feronerie solidar, un spa\u021biu comun de lucru, un spa\u021biu de evenimente, o cafenea asociativ\u0103, un Repair Caf\u00e9 \u0219i un spa\u021biu dedicat economiei sociale \u0219i solidare. Asocia\u021bia Les Bricos de C\u0153ur face multe \u0219i dore\u0219te s\u0103 fac\u0103 \u0219i mai mult: recunoscut\u0103 ca fiind interes general, asocia\u021bia dore\u0219te acum s\u0103 fie recunoscut\u0103 pentru utilitatea sa public\u0103 \u0219i, de ce nu, \u00een cinci ani s\u0103 devin\u0103 una dintre cele mai recunoscute 100 de asocia\u021bii la nivel mondial.<\/p>\n<p>&nbsp;<\/p>\n<hr \/>\n<p>&nbsp;<\/p>\n<h2><span class=\"keb-headings keb-titre-h4\">Declara\u021bii<\/span><\/h2>\n<p>&nbsp;<\/p>\n<p><strong>Sandrine Vecchio, responsabil de raion la magazinul Leroy Merlin din Villeneuve d\u2019Ascq <\/strong><\/p>\n<p><span class=\"keb-headings citation\" style=\"font-size: 16px;\">\u201eAm \u00eenceput s\u0103 fac voluntariat \u00een vara anului 2021. Dup\u0103 un proiect de solidaritate \u00een cadrul c\u0103ruia am \u00eent\u00e2lnit multe persoane extraordinare, am sim\u021bit nevoia de utilitate. M\u0103 ocup de preg\u0103tirea dona\u021biilor pentru organiza\u021biile beneficiare la cortul Bricos. Este bucur\u0103 enorm s\u0103 v\u0103d oameni uni\u021bi din acela\u0219i motiv: s\u0103 ajute oameni care ajut\u0103 oameni. Ascultarea, \u00eentrajutorarea \u0219i bun\u0103voin\u021ba sunt prezente de fiecare dat\u0103 c\u00e2nd vizitez cortul. Am o amintire frumoas\u0103 de la un proiect realizat la casa \u00c9HPAD din L\u2019Or\u00e9e du Mont din Halluin: a fost o dup\u0103-mas\u0103 plin\u0103 de emo\u021bii \u0219i \u00eemp\u0103rt\u0103\u0219ire. Am avut ocazia s\u0103 \u00eent\u00e2lnesc locuitori afecta\u021bi de Alzheimer, \u00eenso\u021bi\u021bi de \u00eengrijitorii lor, precum \u0219i s\u0103 fac cuno\u0219tin\u021b\u0103 cu al\u021bi colegi ADEO cu care am bricolat. Interac\u021biuni pl\u0103cute \u0219i amintiri frumoase.\u201d<\/span><\/p>\n<p>&nbsp;<\/p>\n<p>&nbsp;<\/p>\n<p><strong>B\u00e9n\u00e9dicte Woestelandt, fost asistent executiv la ADEO<\/strong><\/p>\n<p><span class=\"keb-headings citation\" style=\"font-size: 16px;\">\u201eLua\u021bi o via\u021b\u0103 profesional\u0103 intens\u0103 \u0219i agitat\u0103 \u0219i ad\u0103uga\u021bi un ultim an de mobilizare a competen\u021belor. Amesteca\u021bi cu profiluri diverse \u0219i variate: colegi de la Les Bricos du C\u0153ur, servicii civice, alternative, stagiari, lideri responsabili de provoc\u0103ri privind solidaritatea ADEO, voluntari. Ad\u0103uga\u021bi o cantitate generoas\u0103 de munc\u0103 \u00een echip\u0103, polivalen\u021b\u0103, adaptare \u0219i deschidere. Fierbe\u021bi pentru a ob\u021bine o familie frumoas\u0103, solidar\u0103 \u0219i unit\u0103. Cel mai important pas: pres\u0103ra\u021bi \u00eent\u00e2lniri extraordinare, r\u00e2sete, momente surprinz\u0103toare, de neuitat. L\u0103sa\u021bi s\u0103 stea peste an \u0219i ve\u021bi ob\u021bine o experien\u021b\u0103 extrem de \u00eemplinitoare, una dintre cele mai frumoase din \u00eentreaga carier\u0103. Mul\u021bumim \u00eentregii echipe! Mul\u021bumim, Les Bricos! Planul meu? Pensionarea, dar cu o singur\u0103 condi\u021bie: s\u0103 fac \u00een continuare voluntariat la Bricos!\u201d<\/span>[\/vc_column_text][\/vc_column][\/vc_row][vc_row][vc_column]<div class=\"adeo-section fullwidth bg-light\">\r\n\t<div class=\"ksc-lame-pictos\">\t\r\n        <div class=\"wrap-pictos wrap-resp\">\r\n                                    <div class=\"picto\">\r\n                                                                <div class=\"visu\" style=\"background-image:url('https:\/\/www.adeo.com\/wp-content\/uploads\/2022\/08\/picto-data-ok.svg');\"><\/div>\r\n                                                                <p class=\"titre keb-titre-h2\">1127<\/p>\r\n                                                                <p class=\"ss_titre keb-titre-h5\">de proiecte<\/p>\r\n                                                                <p class=\"texte\">realizate la nivel mondial, dintre care 586 \u00een Fran\u021ba<\/p>\r\n                                                    <\/div>\r\n                                    <div class=\"picto\">\r\n                                                                <div class=\"visu\" style=\"background-image:url('https:\/\/www.adeo.com\/wp-content\/uploads\/2022\/10\/picto-data-oeil.svg');\"><\/div>\r\n                                                                <p class=\"titre keb-titre-h2\">11<\/p>\r\n                                                                <p class=\"ss_titre keb-titre-h5\">\u021b\u0103ri<\/p>\r\n                                                                <p class=\"texte\">care colaboreaz\u0103 cu asocia\u021bia Les Bricos du Coeur<\/p>\r\n                                                    <\/div>\r\n                                    <div class=\"picto\">\r\n                                                                <div class=\"visu\" style=\"background-image:url('https:\/\/www.adeo.com\/wp-content\/uploads\/2022\/10\/picto-data-loupe.svg');\"><\/div>\r\n                                                                <p class=\"titre keb-titre-h2\">7000<\/p>\r\n                                                                <p class=\"ss_titre keb-titre-h5\">de lideri<\/p>\r\n                                                                <p class=\"texte\">au avut parte deja cel pu\u021bin o dat\u0103 de o experien\u021b\u0103 cu Les Bricos du Coeur<\/p>\r\n                                                    <\/div>\r\n                                    <div class=\"picto\">\r\n                                                                <div class=\"visu\" style=\"background-image:url('https:\/\/www.adeo.com\/wp-content\/uploads\/2022\/10\/picto-data-idee.svg');\"><\/div>\r\n                                                                <p class=\"titre keb-titre-h2\">500<\/p>\r\n                                                                <p class=\"ss_titre keb-titre-h5\">de organiza\u021bii<\/p>\r\n                                                                <p class=\"texte\">beneficiare<\/p>\r\n                                                    <\/div>\r\n                    <\/div>\r\n\t<\/div>\r\n<\/div>\r\n[\/vc_column][\/vc_row]<\/p>\n<\/div>","protected":false},"excerpt":{"rendered":"<p>[vc_row][vc_column][vc_column_text]\u00cen octombrie 2011, probabil nu din \u00eent\u00e2mplare, primul proiect realizat de Les Bricos du C\u0153ur a fost pentru Les Restos du C\u0153ur. Cele dou\u0103 asocia\u021bii au luat na\u0219tere din aceea\u0219i dorin\u021b\u0103: cea de a pune lucrurile \u00een mi\u0219care. Les Bricos du C\u0153ur se axeaz\u0103 pe ajutarea oamenilor care ajut\u0103 oameni (asocia\u021bii, funda\u021bii, \u00c9HPAD (institu\u021bii de [&hellip;]<\/p>\n","protected":false},"author":3,"featured_media":10529,"comment_status":"closed","ping_status":"open","sticky":false,"template":"","format":"standard","meta":{"_acf_changed":false,"inline_featured_image":false,"footnotes":""},"categories":[121],"tags":[],"class_list":["post-10832","post","type-post","status-publish","format-standard","has-post-thumbnail","hentry","category-uncategorized-ro"],"acf":[],"_links":{"self":[{"href":"https:\/\/www.adeo.com\/ro\/wp-json\/wp\/v2\/posts\/10832","targetHints":{"allow":["GET"]}}],"collection":[{"href":"https:\/\/www.adeo.com\/ro\/wp-json\/wp\/v2\/posts"}],"about":[{"href":"https:\/\/www.adeo.com\/ro\/wp-json\/wp\/v2\/types\/post"}],"author":[{"embeddable":true,"href":"https:\/\/www.adeo.com\/ro\/wp-json\/wp\/v2\/users\/3"}],"replies":[{"embeddable":true,"href":"https:\/\/www.adeo.com\/ro\/wp-json\/wp\/v2\/comments?post=10832"}],"version-history":[{"count":0,"href":"https:\/\/www.adeo.com\/ro\/wp-json\/wp\/v2\/posts\/10832\/revisions"}],"wp:featuredmedia":[{"embeddable":true,"href":"https:\/\/www.adeo.com\/ro\/wp-json\/wp\/v2\/media\/10529"}],"wp:attachment":[{"href":"https:\/\/www.adeo.com\/ro\/wp-json\/wp\/v2\/media?parent=10832"}],"wp:term":[{"taxonomy":"category","embeddable":true,"href":"https:\/\/www.adeo.com\/ro\/wp-json\/wp\/v2\/categories?post=10832"},{"taxonomy":"post_tag","embeddable":true,"href":"https:\/\/www.adeo.com\/ro\/wp-json\/wp\/v2\/tags?post=10832"}],"curies":[{"name":"wp","href":"https:\/\/api.w.org\/{rel}","templated":true}]}}