{"id":9660,"date":"2022-11-22T16:21:58","date_gmt":"2022-11-22T15:21:58","guid":{"rendered":"https:\/\/www.adeo.com\/news\/un-centre-de-formation-des-apprentis-cree-par-adeo\/"},"modified":"2022-12-27T16:34:23","modified_gmt":"2022-12-27T16:34:23","slug":"o-centro-de-formacao-adeo-as-competencias-ao-servico-da-casa-positiva","status":"publish","type":"post","link":"https:\/\/www.adeo.com\/pt-pt\/news\/o-centro-de-formacao-adeo-as-competencias-ao-servico-da-casa-positiva\/","title":{"rendered":"O Centro de Forma\u00e7\u00e3o ADEO: as compet\u00eancias ao servi\u00e7o da casa positiva"},"content":{"rendered":"<div class=\"wpb-content-wrapper\"><p>[vc_row][vc_column][vc_column_text]<span class=\"keb-headings keb-titre-h2 keb-titre-h4\">O nosso objetivo: garantir a todos uma empregabilidade sustent\u00e1vel<\/span><br \/>\nReparar, renovar, tornar saud\u00e1vel, garantir a seguran\u00e7a da casa contribui para o bem-estar dos seus habitantes.<br \/>\nEsta vis\u00e3o faz parte do nosso ADN, assim como a necessidade de trabalhar para propormos solu\u00e7\u00f5es sustent\u00e1veis que respeitem o nosso planeta. Como estas no\u00e7\u00f5es de bem-estar e durabilidade nos levam a ir cada vez mais longe, consideramos essencial partilh\u00e1-las desde j\u00e1 com os nossos futuros colaboradores de modo a construirmos o futuro com eles.<br \/>\nFoi deste desejo que nasceu o Centro de Forma\u00e7\u00e3o de Aprendizes (CFA) dedicado \u00e0 casa sustent\u00e1vel.<\/p>\n<p>&nbsp;<\/p>\n<p>&nbsp;<\/p>\n<p><span class=\"keb-headings keb-titre-h2 keb-titre-h4\" style=\"color: #009eab;\">O Centro de Forma\u00e7\u00e3o de Aprendizes: uma comunidade comprometida pela forma\u00e7\u00e3o<\/span><br \/>\nCriado em finais de 2019 e com a certifica\u00e7\u00e3o <strong>Qualiopi<\/strong>*, o Centro de Forma\u00e7\u00e3o de Aprendizes da ADEO dedica-se \u00e0 casa sustent\u00e1vel. Assume a forma de uma rede de forma\u00e7\u00f5es mobilizada em cerca de vinte liceus, escolas e universidades em Fran\u00e7a e a n\u00edvel internacional.<br \/>\nA especificidade deste projeto: as empresas da ADEO participam neste projeto acolhendo os estudantes nas suas lojas, armaz\u00e9ns e servi\u00e7os internos de modo a acompanh\u00e1-los no seu desenvolvimento e na sua profissionaliza\u00e7\u00e3o.<\/p>\n<p>As nossas forma\u00e7\u00f5es s\u00e3o certificadas ou qualificantes. S\u00e3o constru\u00eddas em torno das \u00e1reas de atividade ligadas \u00e0 melhoria da casa: consultor de vendas especializado em produtos t\u00e9cnicos da casa sustent\u00e1vel, colaborador log\u00edstico, encarregado de armaz\u00e9m, t\u00e9cnico SAV, chefe de projetos de renova\u00e7\u00e3o energ\u00e9tica.<\/p>\n<p>&nbsp;<\/p>\n<p>&nbsp;<\/p>\n<p><span class=\"keb-headings keb-titre-h2 keb-titre-h4\" style=\"color: #009eab;\">Forma\u00e7\u00f5es espec\u00edficas nas \u00e1reas de atividade do digital<\/span><br \/>\nFace \u00e0s evolu\u00e7\u00f5es da sociedade, permitir que os colaboradores da ADEO continuem a desenvolver as suas compet\u00eancias digitais \u00e9 tamb\u00e9m uma prioridade para construirmos o futuro. Para St\u00e9phane Calmes, Diretor do Centro de Forma\u00e7\u00e3o de Aprendizes, a fun\u00e7\u00e3o da ADEO \u00e9 clara:<\/p>\n<p><strong><span class=\"keb-headings citation\" style=\"font-size: 16px;\">\u201cenquanto entidade patronal, devemos ter a capacidade para garantir a possibilidade de evoluir dentro das empresas da plataforma e propor uma evolu\u00e7\u00e3o profissional satisfat\u00f3ria\u201d.<\/span><\/strong><\/p>\n<p>&nbsp;<\/p>\n<p>Foi por isso que desenvolvemos um programa de forma\u00e7\u00e3o em torno das \u00e1reas de atividade do digital.<br \/>\nPropomos assim aos colaboradores da ADEO que obtenham uma forma\u00e7\u00e3o nos idiomas atuais para que evoluam ao mesmo ritmo do que os avan\u00e7os tecnol\u00f3gicos.<\/p>\n<p>&nbsp;<\/p>\n<p>&nbsp;<\/p>\n<p><span class=\"keb-headings keb-titre-h2 keb-titre-h4\" style=\"color: #009eab;\">Uma vontade de partilhar os nossos conhecimentos ao nosso ecossistema<\/span><br \/>\nO nosso compromisso em torno da casa positiva concretiza-se tamb\u00e9m com a implementa\u00e7\u00e3o progressiva de percursos de forma\u00e7\u00e3o in\u00e9ditos que respondem \u00e0s expetativas dos nossos artes\u00e3os parceiros e dos habitantes.<br \/>\nQueremos acompanhar os primeiros na melhoria das suas compet\u00eancias nas pr\u00e1ticas da casa sustent\u00e1vel e oferecer aos segundos forma\u00e7\u00f5es curtas e concretas sobre manuseamento de ferramentas e aplica\u00e7\u00e3o de t\u00e9cnicas para ganharem confian\u00e7a na realiza\u00e7\u00e3o dos seus projetos para a casa. J\u00e1 h\u00e1 percursos a ser testados antes de serem implementados a grande escala!<\/p>\n<p>&nbsp;<\/p>\n<p>&nbsp;<\/p>\n<p><span class=\"keb-headings keb-titre-h2 keb-titre-h4\" style=\"color: #009eab;\">Do Centro de Forma\u00e7\u00e3o de Aprendizes ao Campus Mundial da Casa<\/span><br \/>\nEnquanto l\u00edder de implanta\u00e7\u00e3o a n\u00edvel internacional, a ADEO reagrupou todas estas iniciativas na cria\u00e7\u00e3o do Campus Mundial da Casa destinado a formar colaboradores, futuros colaboradores, parceiros, clientes e habitantes do mundo.<br \/>\nA nossa ambi\u00e7\u00e3o? Criar uma comunidade em torno do conhecimento e da compet\u00eancia da casa sustent\u00e1vel com um campus que qualifica, reconhece, certifica, mant\u00e9m no emprego, constr\u00f3i percursos profissionais e torna orgulhosas todas as partes interessadas da casa positiva.<\/p>\n<p>&nbsp;<\/p>\n<p><i>* A Certifica\u00e7\u00e3o Qualiopi atesta a qualidade das presta\u00e7\u00f5es propostas pelos organismos de forma\u00e7\u00e3o com base na Refer\u00eancia Nacional de Qualidade.<\/i>[\/vc_column_text][\/vc_column][\/vc_row][vc_row][vc_column]\t<div class=\"KVC_composant UIBT   \" id=\"uibt-\">\r\n\t\t<a href=\"https:\/\/campus-habitat.adeo.com\/\" title=\"\" class=\"\"  target=\"_blank\" rel=\"noopener noreferrer\" >Mais sobre ao Campus Mundial da Casa<\/a>\t<\/div>\r\n\t[\/vc_column][\/vc_row]<\/p>\n<\/div>","protected":false},"excerpt":{"rendered":"<p>[vc_row][vc_column][vc_column_text]O nosso objetivo: garantir a todos uma empregabilidade sustent\u00e1vel Reparar, renovar, tornar saud\u00e1vel, garantir a seguran\u00e7a da casa contribui para o bem-estar dos seus habitantes. Esta vis\u00e3o faz parte do nosso ADN, assim como a necessidade de trabalhar para propormos solu\u00e7\u00f5es sustent\u00e1veis que respeitem o nosso planeta. Como estas no\u00e7\u00f5es de bem-estar e durabilidade nos [&hellip;]<\/p>\n","protected":false},"author":3,"featured_media":8440,"comment_status":"closed","ping_status":"open","sticky":false,"template":"","format":"standard","meta":{"_acf_changed":false,"inline_featured_image":false,"footnotes":""},"categories":[107],"tags":[],"class_list":["post-9660","post","type-post","status-publish","format-standard","has-post-thumbnail","hentry","category-compreensao"],"acf":[],"_links":{"self":[{"href":"https:\/\/www.adeo.com\/pt-pt\/wp-json\/wp\/v2\/posts\/9660","targetHints":{"allow":["GET"]}}],"collection":[{"href":"https:\/\/www.adeo.com\/pt-pt\/wp-json\/wp\/v2\/posts"}],"about":[{"href":"https:\/\/www.adeo.com\/pt-pt\/wp-json\/wp\/v2\/types\/post"}],"author":[{"embeddable":true,"href":"https:\/\/www.adeo.com\/pt-pt\/wp-json\/wp\/v2\/users\/3"}],"replies":[{"embeddable":true,"href":"https:\/\/www.adeo.com\/pt-pt\/wp-json\/wp\/v2\/comments?post=9660"}],"version-history":[{"count":0,"href":"https:\/\/www.adeo.com\/pt-pt\/wp-json\/wp\/v2\/posts\/9660\/revisions"}],"wp:featuredmedia":[{"embeddable":true,"href":"https:\/\/www.adeo.com\/pt-pt\/wp-json\/wp\/v2\/media\/8440"}],"wp:attachment":[{"href":"https:\/\/www.adeo.com\/pt-pt\/wp-json\/wp\/v2\/media?parent=9660"}],"wp:term":[{"taxonomy":"category","embeddable":true,"href":"https:\/\/www.adeo.com\/pt-pt\/wp-json\/wp\/v2\/categories?post=9660"},{"taxonomy":"post_tag","embeddable":true,"href":"https:\/\/www.adeo.com\/pt-pt\/wp-json\/wp\/v2\/tags?post=9660"}],"curies":[{"name":"wp","href":"https:\/\/api.w.org\/{rel}","templated":true}]}}