{"id":4434,"date":"2022-10-17T08:40:18","date_gmt":"2022-10-17T06:40:18","guid":{"rendered":"https:\/\/www.adeo.com\/news\/o-habitat-e-uma-area-em-que-a-populacao-e-o-individuo-podem-agir-directamente\/"},"modified":"2022-12-14T10:27:37","modified_gmt":"2022-12-14T10:27:37","slug":"a-casa-e-uma-area-em-que-a-populacao-e-o-individuo-podem-agir-diretamente","status":"publish","type":"post","link":"https:\/\/www.adeo.com\/pt-pt\/news\/a-casa-e-uma-area-em-que-a-populacao-e-o-individuo-podem-agir-diretamente\/","title":{"rendered":"A casa \u00e9 uma \u00e1rea em que a popula\u00e7\u00e3o e o indiv\u00edduo podem agir diretamente."},"content":{"rendered":"<div class=\"wpb-content-wrapper\"><p>[vc_row][vc_column][vc_column_text]<\/p>\n<h2><span class=\"keb-headings keb-titre-h4\">A transi\u00e7\u00e3o ecol\u00f3gica vai levar-nos a repensar a forma como constru\u00edmos e vivemos. Que vis\u00e3o que t\u00eam da casa do futuro?<\/span><\/h2>\n<p>Utilizamos e desperdi\u00e7amos demasiadas energias. Efici\u00eancia deve ser a palavra-chave agora e no futuro! A casa \u00e9 uma \u00e1rea em que a popula\u00e7\u00e3o e o indiv\u00edduo podem agir diretamente. Existe toda uma gama de solu\u00e7\u00f5es para a tornar mais sustent\u00e1vel e poupar recursos: materiais de isolamento de origem biol\u00f3gica, ilumina\u00e7\u00e3o LED, sistemas de aquecimento com economia de energia, contadores de energia individualizados, sistemas de recupera\u00e7\u00e3o de \u00e1gua do banho, bombas de calor, pain\u00e9is fotovoltaicos, controlo remoto do consumo, etc. As tecnologias j\u00e1 existem, mas as mentalidades t\u00eam de mudar.<\/p>\n<p>&nbsp;<\/p>\n<h2><span class=\"keb-headings keb-titre-h4\">Porque \u00e9 que o comportamento est\u00e1 a mudar a um ritmo mais lento do que a tecnologia? Ser\u00e1 uma quest\u00e3o de custos?<\/span><\/h2>\n<p>Construir edif\u00edcios mais eficientes em termos energ\u00e9ticos ou renovar edif\u00edcios existentes requer um investimento inicial, mas este \u00e9 rapidamente recuperado atrav\u00e9s de poupan\u00e7as significativas de energia. Os consumidores t\u00eam de compreender que n\u00e3o far\u00e3o sacrif\u00edcios financeiros, nem degradar\u00e3o de forma alguma a sua qualidade de vida. Pelo contr\u00e1rio! S\u00e3o necess\u00e1rios apenas alguns anos para pagar os trabalhos de isolamento ou a instala\u00e7\u00e3o de uma bomba de calor. Ganha-se em conforto, ao mesmo tempo que se reduz significativamente as suas contas. Quanto \u00e0s energias renov\u00e1veis, as instala\u00e7\u00f5es fotovoltaicas s\u00e3o muito rent\u00e1veis. D\u00e3o acesso \u00e0 energia mais barata do mundo. O desafio agora ser\u00e1 o de tornar o seu armazenamento t\u00e3o barato como a sua produ\u00e7\u00e3o. E em termos de casa coletiva, vamos continuar a instalar contadores individuais de eletricidade e \u00e1gua quente. Estas s\u00e3o alavancas de poupan\u00e7a extraordin\u00e1rias! Os propriet\u00e1rios tamb\u00e9m t\u00eam interesse em tornar o seu parque habitacional cada vez mais eficiente em termos energ\u00e9ticos. Quanto mais eficientes em termos energ\u00e9ticos forem, mais baratos ser\u00e3o para a sociedade.<\/p>\n<p>&nbsp;<\/p>\n<h2><span class=\"keb-headings keb-titre-h4\">H\u00e1 dois anos, com a sua Funda\u00e7\u00e3o Solar Impulse, firmou uma parceria com a ADEO. Partilha a mesma vis\u00e3o da casa do futuro?<\/span><\/h2>\n<p>De facto, com a ADEO, acreditamos que \u00e9 poss\u00edvel conciliar economia e ecologia. Preferimos o pragmatismo aos grandes discursos sobre neutralidade de carbono e energias renov\u00e1veis. Em particular, a ADEO distribui solu\u00e7\u00f5es rotuladas pela Funda\u00e7\u00e3o Solar Impulse na Leroy Merlin: materiais de origem biol\u00f3gica para coberturas e isolamento t\u00e9rmico, chuveiros econ\u00f3micos e inteligentes. A empresa coloca a sustentabilidade, a efici\u00eancia e a prote\u00e7\u00e3o ambiental em bens de consumo corrente. Oferece aos clientes solu\u00e7\u00f5es rent\u00e1veis e amigas do ambiente. Isto ajuda a mudar as mentalidades. A nossa colabora\u00e7\u00e3o \u00e9 a longo prazo. Juntos lan\u00e7\u00e1mos o &#8220;Positive Home Challenge&#8221;, um processo de inova\u00e7\u00e3o participativa em 2021, com mais de 300 propostas de produtos e solu\u00e7\u00f5es inovadoras e sustent\u00e1veis de fornecedores de todo o mundo. Com base neste sucesso, em 2022 relan\u00e7\u00e1mos o Positive Home Challenge 2, e 50 novos inovadores entre mais de 300 candidatos tiveram a oportunidade de apresentar as suas solu\u00e7\u00f5es aos respons\u00e1veis de produto da ADEO. Mais de 40 suscitaram interesse e v\u00e1rios ser\u00e3o testados nas lojas da ADEO de todo o mundo! Isto significa oportunidades de neg\u00f3cio para os inovadores e casas mais ecol\u00f3gicas para todos.<\/p>\n<p>&nbsp;<\/p>\n<h2><span class=\"keb-headings keb-titre-h4\">Ser\u00e1 que a mudan\u00e7a para esta casa mais virtuosa implica repensar nos nossos modelos de desenvolvimento econ\u00f3mico?<\/span><\/h2>\n<p>Cabe-nos a n\u00f3s passar do mundo do desperd\u00edcio para o mundo da efici\u00eancia! Isto \u00e9 o que eu chamo de &#8220;crescimento qualitativo&#8221;. Cria empregos, poder de compra e rentabilidade ao substituir o que polui por aquilo que protege o ambiente. \u00c9 inteiramente rent\u00e1vel construir habita\u00e7\u00f5es que produzam mais energia do que aquela que consomem. Ser\u00e1 tamb\u00e9m essencial modernizar a regulamenta\u00e7\u00e3o para apoiar esta transi\u00e7\u00e3o ecol\u00f3gica na habita\u00e7\u00e3o. Quem faz a lei deve pressionar para uma maior efici\u00eancia. Deve ser tida em conta nos contratos p\u00fablicos e o cumprimento de certas normas deve ser tornado obrigat\u00f3rio. Caso contr\u00e1rio, continuaremos a ter o direito de emitir legalmente CO2 para a atmosfera. Para construirmos a casa do futuro, devemos ser t\u00e3o l\u00f3gicos quanto ecol\u00f3gicos.[\/vc_column_text][\/vc_column][\/vc_row][vc_row][vc_column]<div class=\"adeo-section fullwidth bg-light\">\r\n\t<div class=\"ksc-lame-pictos\">\t\r\n        <div class=\"wrap-pictos wrap-resp\">\r\n                                    <div class=\"picto\">\r\n                                                                <div class=\"visu\" style=\"background-image:url('https:\/\/www.adeo.com\/wp-content\/uploads\/2022\/08\/picto-data-ok.svg');\"><\/div>\r\n                                                                <p class=\"titre keb-titre-h2\">40%<\/p>\r\n                                                                <p class=\"ss_titre keb-titre-h5\">de emiss\u00f5es de CO2<\/p>\r\n                                                                <p class=\"texte\">s\u00e3o provenientes da habita\u00e7\u00e3o e da constru\u00e7\u00e3o<\/p>\r\n                                                    <\/div>\r\n                                    <div class=\"picto\">\r\n                                                                <div class=\"visu\" style=\"background-image:url('https:\/\/www.adeo.com\/wp-content\/uploads\/2022\/10\/picto-data-oeil.svg');\"><\/div>\r\n                                                                <p class=\"titre keb-titre-h2\">50%<\/p>\r\n                                                                <p class=\"ss_titre keb-titre-h5\">do nosso consumo de energia<\/p>\r\n                                                                <p class=\"texte\">pode ser poupado melhorando a efici\u00eancia da casa<\/p>\r\n                                                    <\/div>\r\n                                    <div class=\"picto\">\r\n                                                                <div class=\"visu\" style=\"background-image:url('https:\/\/www.adeo.com\/wp-content\/uploads\/2022\/10\/picto-data-loupe.svg');\"><\/div>\r\n                                                                <p class=\"titre keb-titre-h2\">82%<\/p>\r\n                                                                <p class=\"ss_titre keb-titre-h5\">de energia solar<\/p>\r\n                                                                <p class=\"texte\">diminuiu em 20 anos<\/p>\r\n                                                    <\/div>\r\n                    <\/div>\r\n\t<\/div>\r\n<\/div>\r\n[\/vc_column][\/vc_row]<\/p>\n<\/div>","protected":false},"excerpt":{"rendered":"<p>[vc_row][vc_column][vc_column_text] A transi\u00e7\u00e3o ecol\u00f3gica vai levar-nos a repensar a forma como constru\u00edmos e vivemos. Que vis\u00e3o que t\u00eam da casa do futuro? Utilizamos e desperdi\u00e7amos demasiadas energias. Efici\u00eancia deve ser a palavra-chave agora e no futuro! A casa \u00e9 uma \u00e1rea em que a popula\u00e7\u00e3o e o indiv\u00edduo podem agir diretamente. Existe toda uma gama [&hellip;]<\/p>\n","protected":false},"author":3,"featured_media":4355,"comment_status":"closed","ping_status":"open","sticky":false,"template":"","format":"standard","meta":{"_acf_changed":false,"inline_featured_image":false,"footnotes":""},"categories":[107],"tags":[],"class_list":["post-4434","post","type-post","status-publish","format-standard","has-post-thumbnail","hentry","category-compreensao"],"acf":[],"_links":{"self":[{"href":"https:\/\/www.adeo.com\/pt-pt\/wp-json\/wp\/v2\/posts\/4434","targetHints":{"allow":["GET"]}}],"collection":[{"href":"https:\/\/www.adeo.com\/pt-pt\/wp-json\/wp\/v2\/posts"}],"about":[{"href":"https:\/\/www.adeo.com\/pt-pt\/wp-json\/wp\/v2\/types\/post"}],"author":[{"embeddable":true,"href":"https:\/\/www.adeo.com\/pt-pt\/wp-json\/wp\/v2\/users\/3"}],"replies":[{"embeddable":true,"href":"https:\/\/www.adeo.com\/pt-pt\/wp-json\/wp\/v2\/comments?post=4434"}],"version-history":[{"count":0,"href":"https:\/\/www.adeo.com\/pt-pt\/wp-json\/wp\/v2\/posts\/4434\/revisions"}],"wp:featuredmedia":[{"embeddable":true,"href":"https:\/\/www.adeo.com\/pt-pt\/wp-json\/wp\/v2\/media\/4355"}],"wp:attachment":[{"href":"https:\/\/www.adeo.com\/pt-pt\/wp-json\/wp\/v2\/media?parent=4434"}],"wp:term":[{"taxonomy":"category","embeddable":true,"href":"https:\/\/www.adeo.com\/pt-pt\/wp-json\/wp\/v2\/categories?post=4434"},{"taxonomy":"post_tag","embeddable":true,"href":"https:\/\/www.adeo.com\/pt-pt\/wp-json\/wp\/v2\/tags?post=4434"}],"curies":[{"name":"wp","href":"https:\/\/api.w.org\/{rel}","templated":true}]}}