{"id":9655,"date":"2022-11-22T16:21:58","date_gmt":"2022-11-22T15:21:58","guid":{"rendered":"https:\/\/www.adeo.com\/news\/un-centre-de-formation-des-apprentis-cree-par-adeo\/"},"modified":"2022-12-27T16:33:31","modified_gmt":"2022-12-27T16:33:31","slug":"o-centro-de-formacao-adeo-competencias-a-servico-de-uma-casa-saudavel","status":"publish","type":"post","link":"https:\/\/www.adeo.com\/pt-br\/news\/o-centro-de-formacao-adeo-competencias-a-servico-de-uma-casa-saudavel\/","title":{"rendered":"O Centro de Forma\u00e7\u00e3o ADEO: compet\u00eancias a servi\u00e7o de uma Casa Saud\u00e1vel"},"content":{"rendered":"<div class=\"wpb-content-wrapper\"><p>[vc_row][vc_column][vc_column_text]<span class=\"keb-headings keb-titre-h2 keb-titre-h4\">Nosso objetivo: garantir uma empregabilidade sustent\u00e1vel para todos<\/span><br \/>\nConsertar, renovar, sanear e proteger o lar contribui ao bem-estar de seus habitantes.<br \/>\nEssa vis\u00e3o faz parte do nosso DNA, assim como desejo de contribuir com solu\u00e7\u00f5es sustent\u00e1veis e que respeitam o nosso planeta. Essas no\u00e7\u00f5es de bem-estar e de sustentabilidade nos fazem querer avan\u00e7ar cada vez mais, por isso acreditamos que \u00e9 primordial compartilhar desde o momento presente, com os nossos futuros colaboradores, para construirmos juntos o nosso amanh\u00e3.<br \/>\nFoi desta vontade que nasceu o Centro de Forma\u00e7\u00e3o de Aprendizes (CFA) dedicado \u00e0 morada sustent\u00e1vel.<\/p>\n<p>&nbsp;<\/p>\n<p>&nbsp;<\/p>\n<p><span class=\"keb-headings keb-titre-h2 keb-titre-h4\" style=\"color: #009eab;\">O Centro de Forma\u00e7\u00e3o de Aprendizes: uma comunidade comprometida com a qualifica\u00e7\u00e3o<\/span><br \/>\nCriado no final de 2019 e detentor da certifica\u00e7\u00e3o <strong>Qualiopi<\/strong>*, o Centro de Forma\u00e7\u00e3o de Aprendizes ADEO \u00e9 dedicado \u00e0 morada sustent\u00e1vel. Ele \u00e9 composto de uma rede de forma\u00e7\u00f5es em cerca de vinte institui\u00e7\u00f5es de ensino m\u00e9dio e ensino superior na Fran\u00e7a e internacionalmente.<br \/>\nA particularidade deste projeto: as empresas ADEO participam do projeto atrav\u00e9s de suas lojas, armaz\u00e9ns e servi\u00e7os internos, recebendo os estudantes para acompanh\u00e1-los em seu desenvolvimento e profissionaliza\u00e7\u00e3o.<\/p>\n<p>Nossos cursos proporcionam a obten\u00e7\u00e3o de diplomas ou s\u00e3o qualificantes. Eles foram concebidos acerca das profiss\u00f5es relacionadas com a melhoria da casa: como conselheiro de venda especializado em produtos t\u00e9cnicos de morada sustent\u00e1vel, agente de log\u00edstica, armazenista, agente de SAC e chefe de projeto em renova\u00e7\u00e3o energ\u00e9tica.<\/p>\n<p>&nbsp;<\/p>\n<p>&nbsp;<\/p>\n<p><span class=\"keb-headings keb-titre-h2 keb-titre-h4\" style=\"color: #009eab;\">Cursos espec\u00edficos para as \u00e1reas do digital<\/span><br \/>\nCom as evolu\u00e7\u00f5es da sociedade, permitir que os colaboradores ADEO continuem a desenvolver suas compet\u00eancias digitais, tamb\u00e9m \u00e9 uma prioridade para construir o futuro. Para St\u00e9phane Calmes, Diretor do Centro de Forma\u00e7\u00e3o de Aprendizes, o papel do ADEO \u00e9 muito claro:<\/p>\n<p><strong><span class=\"keb-headings citation\" style=\"font-size: 16px;\">\u201cEnquanto empregador, devemos ter a capacidade de garantir a possibilidade de evoluir dentro das empresas da plataforma e de propor uma evolu\u00e7\u00e3o profissional satisfat\u00f3ria\u201d.<\/span><\/strong><\/p>\n<p>&nbsp;<\/p>\n<p>Por isso desenvolvemos um programa de qualifica\u00e7\u00e3o nas \u00e1reas do digital.<br \/>\nPropomos aos colaboradores ADEO que eles se qualifiquem nas linguagens atuais para que possam evoluir no mesmo ritmo dos avan\u00e7os tecnol\u00f3gicos.<\/p>\n<p>&nbsp;<\/p>\n<p>&nbsp;<\/p>\n<p><span class=\"keb-headings keb-titre-h2 keb-titre-h4\" style=\"color: #009eab;\">Um desejo de compartilhar nosso conhecimento com o nosso ecossistema<\/span><br \/>\nNosso engajamento com a Casa Saud\u00e1vel tamb\u00e9m se concretiza atrav\u00e9s da implanta\u00e7\u00e3o progressiva de cursos in\u00e9ditos que respondem \u00e0s necessidades de nossos parceiros artes\u00e3os e dos habitantes.<br \/>\nCom rela\u00e7\u00e3o aos parceiros, queremos acompanh\u00e1-los na progress\u00e3o de suas compet\u00eancias acerca da morada sustent\u00e1vel. E para os habitantes, queremos proporcionar cursos r\u00e1pidos e concretos sobre como manusear ferramentas e a aplica\u00e7\u00e3o de t\u00e9cnicas para que eles se sintam mais confiantes na realiza\u00e7\u00e3o de seus projetos em suas casas. Alguns cursos j\u00e1 est\u00e3o sendo testados antes de serem implementados em grande escala!<\/p>\n<p>&nbsp;<\/p>\n<p>&nbsp;<\/p>\n<p><span class=\"keb-headings keb-titre-h2 keb-titre-h4\" style=\"color: #009eab;\">Do Centro de Forma\u00e7\u00e3o de Aprendizes ao Campus Mundial do Habitat<\/span><br \/>\nNa qualidade de l\u00edder em implanta\u00e7\u00f5es internacionais, ADEO reuniu todas essas iniciativas para criar o Campus Mundial do Habitat, destinado a qualificar colaboradores, futuros colaboradores, parceiros, clientes e habitantes do mundo.<br \/>\nNossa ambi\u00e7\u00e3o? Criar uma comunidade acerca do conhecimento e da especializa\u00e7\u00e3o em morada sustent\u00e1vel, atrav\u00e9s de um campus que proporciona diplomas, que reconhece, certifica, mant\u00e9m a empregabilidade, constr\u00f3i trajet\u00f3rias profissionais e proporciona orgulho a todos os interlocutores de uma casa saud\u00e1vel.<\/p>\n<p>&nbsp;<\/p>\n<p><i>* A Certifica\u00e7\u00e3o Qualiopi atesta a qualidade das presta\u00e7\u00f5es propostas pelas institui\u00e7\u00f5es de ensino, referenciadas no Reposit\u00f3rio Nacional de Qualidade.<\/i>[\/vc_column_text][\/vc_column][\/vc_row][vc_row][vc_column]\t<div class=\"KVC_composant UIBT   \" id=\"uibt-\">\r\n\t\t<a href=\"https:\/\/campus-habitat.adeo.com\/\" title=\"\" class=\"\"  target=\"_blank\" rel=\"noopener noreferrer\" >Mais sobre ao Campus Mundial do Habitat<\/a>\t<\/div>\r\n\t[\/vc_column][\/vc_row]<\/p>\n<\/div>","protected":false},"excerpt":{"rendered":"<p>[vc_row][vc_column][vc_column_text]Nosso objetivo: garantir uma empregabilidade sustent\u00e1vel para todos Consertar, renovar, sanear e proteger o lar contribui ao bem-estar de seus habitantes. Essa vis\u00e3o faz parte do nosso DNA, assim como desejo de contribuir com solu\u00e7\u00f5es sustent\u00e1veis e que respeitam o nosso planeta. Essas no\u00e7\u00f5es de bem-estar e de sustentabilidade nos fazem querer avan\u00e7ar cada vez [&hellip;]<\/p>\n","protected":false},"author":3,"featured_media":8439,"comment_status":"closed","ping_status":"open","sticky":false,"template":"","format":"standard","meta":{"_acf_changed":false,"inline_featured_image":false,"footnotes":""},"categories":[137],"tags":[],"class_list":["post-9655","post","type-post","status-publish","format-standard","has-post-thumbnail","hentry","category-compreensao-pt-br"],"acf":[],"_links":{"self":[{"href":"https:\/\/www.adeo.com\/pt-br\/wp-json\/wp\/v2\/posts\/9655","targetHints":{"allow":["GET"]}}],"collection":[{"href":"https:\/\/www.adeo.com\/pt-br\/wp-json\/wp\/v2\/posts"}],"about":[{"href":"https:\/\/www.adeo.com\/pt-br\/wp-json\/wp\/v2\/types\/post"}],"author":[{"embeddable":true,"href":"https:\/\/www.adeo.com\/pt-br\/wp-json\/wp\/v2\/users\/3"}],"replies":[{"embeddable":true,"href":"https:\/\/www.adeo.com\/pt-br\/wp-json\/wp\/v2\/comments?post=9655"}],"version-history":[{"count":0,"href":"https:\/\/www.adeo.com\/pt-br\/wp-json\/wp\/v2\/posts\/9655\/revisions"}],"wp:featuredmedia":[{"embeddable":true,"href":"https:\/\/www.adeo.com\/pt-br\/wp-json\/wp\/v2\/media\/8439"}],"wp:attachment":[{"href":"https:\/\/www.adeo.com\/pt-br\/wp-json\/wp\/v2\/media?parent=9655"}],"wp:term":[{"taxonomy":"category","embeddable":true,"href":"https:\/\/www.adeo.com\/pt-br\/wp-json\/wp\/v2\/categories?post=9655"},{"taxonomy":"post_tag","embeddable":true,"href":"https:\/\/www.adeo.com\/pt-br\/wp-json\/wp\/v2\/tags?post=9655"}],"curies":[{"name":"wp","href":"https:\/\/api.w.org\/{rel}","templated":true}]}}