{"id":6023,"date":"2022-10-17T08:40:18","date_gmt":"2022-10-17T06:40:18","guid":{"rendered":"https:\/\/www.adeo.com\/news\/o-habitat-e-uma-area-em-que-a-populacao-e-o-individuo-podem-agir-directamente\/"},"modified":"2022-12-08T10:22:12","modified_gmt":"2022-12-08T10:22:12","slug":"a-casa-e-uma-area-na-qual-a-populacao-e-o-individuo-podem-agir-diretamente","status":"publish","type":"post","link":"https:\/\/www.adeo.com\/pt-br\/news\/a-casa-e-uma-area-na-qual-a-populacao-e-o-individuo-podem-agir-diretamente\/","title":{"rendered":"&#8220;A casa \u00e9 uma \u00e1rea na qual a popula\u00e7\u00e3o e o indiv\u00edduo podem agir diretamente&#8221;"},"content":{"rendered":"<div class=\"wpb-content-wrapper\"><p>[vc_row][vc_column][vc_column_text]<\/p>\n<h2><span class=\"keb-headings keb-titre-h4\">A transi\u00e7\u00e3o ecol\u00f3gica nos levar\u00e1 a repensar a forma como constru\u00edmos e vivemos. Qual \u00e9 a sua vis\u00e3o da casa do amanh\u00e3?<\/span><\/h2>\n<p>Utilizamos e desperdi\u00e7amos muita energia. A busca por efici\u00eancia deve ser a palavra-chave do momento e do futuro! A casa \u00e9 o espa\u00e7o onde cada indiv\u00edduo e a popula\u00e7\u00e3o podem agir diretamente. Existe toda uma gama de solu\u00e7\u00f5es para a tornar uma casa mais sustent\u00e1vel e poupar recursos: materiais de isolamento de origem natural, ilumina\u00e7\u00e3o LED, sistemas de aquecimento com economia de energia, contadores de eletricidade individualizados, sistemas de reaproveitamento de \u00e1gua do banho, bombas de calor, pain\u00e9is fotovoltaicos, controle \u00e0 dist\u00e2ncia do consumo etc. As tecnologias j\u00e1 existem, mas a mentalidade das pessoas precisa mudar.<\/p>\n<p>&nbsp;<\/p>\n<h2><span class=\"keb-headings keb-titre-h4\">Por que o comportamento muda em um ritmo mais lento do que a tecnologia? \u00c9 uma quest\u00e3o de custos?<\/span><\/h2>\n<p>Construir edif\u00edcios mais econ\u00f4micos energeticamente ou renovar os edif\u00edcios existentes requer um investimento inicial, mas que \u00e9 rapidamente recuperado atrav\u00e9s da quantidade significativa de energia poupada. \u00c9 importante conscientizar os consumidores de que eles n\u00e3o far\u00e3o sacrif\u00edcios financeiros, nem perder\u00e3o de forma alguma a sua qualidade de vida. Pelo contr\u00e1rio! Os custos de isolamento t\u00e9rmico ou a instala\u00e7\u00e3o de uma bomba de calor s\u00e3o amortizados em poucos anos. O n\u00edvel de conforto melhora, ao mesmo tempo que reduz significativamente as contas. Com rela\u00e7\u00e3o \u00e0s energias renov\u00e1veis, as instala\u00e7\u00f5es fotovoltaicas s\u00e3o muito rent\u00e1veis. Elas proporcionam o acesso \u00e0 energia mais barata do mundo. O desafio de agora em diante ser\u00e1 o de tornar o seu armazenamento t\u00e3o barato quanto a sua produ\u00e7\u00e3o. Em termos de edif\u00edcios coletivos, devemos continuar instalando contadores individuais de eletricidade e \u00e1gua. Estas s\u00e3o formas extraordin\u00e1rias para gerar economias! As resid\u00eancias sociais tamb\u00e9m devem ser constru\u00eddas ou renovadas de forma a serem mais eficientes energeticamente, pois quanto mais eficientes forem, mais baratas elas ser\u00e3o para a sociedade.<\/p>\n<p>&nbsp;<\/p>\n<h2><span class=\"keb-headings keb-titre-h4\">H\u00e1 dois anos, a sua Funda\u00e7\u00e3o Solar Impulse firmou uma parceria com o grupo ADEO. Voc\u00ea tamb\u00e9m compartilha essa vis\u00e3o sobre os lares de amanh\u00e3?<\/span><\/h2>\n<p>Certamente. Com o ADEO, acreditamos que \u00e9 poss\u00edvel conciliar economia e ecologia. Preferimos o pragmatismo do que os grandes discursos sobre neutralidade de carbono e energias renov\u00e1veis. Atrav\u00e9s da Leroy Merlin, o ADEO distribui solu\u00e7\u00f5es certificadas pela Funda\u00e7\u00e3o Solar Impulse como materiais para telhados e isolamento t\u00e9rmico de origem natural ou chuveiros econ\u00f4micos e inteligentes. A empresa oferece sustentabilidade, efici\u00eancia e prote\u00e7\u00e3o ambiental atrav\u00e9s de bens de consumo do cotidiano. Al\u00e9m de proporcionar aos seus clientes solu\u00e7\u00f5es rent\u00e1veis e ben\u00e9ficas ao meio ambiente. Isso ajuda a mudar a mentalidade das pessoas. A nossa colabora\u00e7\u00e3o \u00e9 a longo prazo. Em 2021, lan\u00e7amos em colabora\u00e7\u00e3o o &#8220;Positive Home Challenge&#8221;, um processo de inova\u00e7\u00e3o participativa, com mais de 300 propostas de produtos e solu\u00e7\u00f5es inovadoras e sustent\u00e1veis de fornecedores de todo o mundo. Com base neste sucesso, em 2022 reeditamos o &#8220;Positive Home Challenge 2&#8221; e 50 novos projetos inovadores dentre mais de 300 candidaturas tiveram a oportunidade de apresentar as suas solu\u00e7\u00f5es aos gestores de produto da ADEO. Mais de 40 deles foram selecionados pelo seu interesse e v\u00e1rios ser\u00e3o testados nas lojas ADEO em todo o mundo! Isto significa oportunidades de neg\u00f3cio para empresas inovadoras e casas mais ecol\u00f3gicas para todos.<\/p>\n<p>&nbsp;<\/p>\n<h2><span class=\"keb-headings keb-titre-h4\">Ser\u00e1 que a mudan\u00e7a para casas mais eficientes implica em repensar os nossos modelos de desenvolvimento econ\u00f4mico?<\/span><\/h2>\n<p>Cabe a n\u00f3s passar do mundo do desperd\u00edcio para o mundo da efici\u00eancia! Isto \u00e9 o que eu chamo &#8220;crescimento qualitativo&#8221;. Que cria empregos, gera poder de compra e rentabilidade atrav\u00e9s da substitui\u00e7\u00e3o do que polui por aquilo que protege o meio ambiente. Construir casas que produzem mais energia do que consumem, \u00e9 perfeitamente rent\u00e1vel. Ser\u00e1 tamb\u00e9m essencial modernizar as leis para apoiar esta transi\u00e7\u00e3o ecol\u00f3gica das moradias. O legislador deve insistir para que a efici\u00eancia seja uma prioridade. Isso deve ser levado em conta nos contratos p\u00fablicos e o cumprimento de certas normas deve ser obrigat\u00f3rio, caso contr\u00e1rio, continuaremos a ter o direito de emitir legalmente CO2 para a atmosfera. Para construir o lar de amanh\u00e3, devemos ser t\u00e3o racionais quanto ecol\u00f3gicos.[\/vc_column_text][\/vc_column][\/vc_row][vc_row][vc_column]<div class=\"adeo-section fullwidth bg-light\">\r\n\t<div class=\"ksc-lame-pictos\">\t\r\n        <div class=\"wrap-pictos wrap-resp\">\r\n                                    <div class=\"picto\">\r\n                                                                <div class=\"visu\" style=\"background-image:url('https:\/\/www.adeo.com\/wp-content\/uploads\/2022\/08\/picto-data-ok.svg');\"><\/div>\r\n                                                                <p class=\"titre keb-titre-h2\">40%<\/p>\r\n                                                                <p class=\"ss_titre keb-titre-h5\">das emiss\u00f5es de CO2<\/p>\r\n                                                                <p class=\"texte\">s\u00e3o provenientes das casas e constru\u00e7\u00f5es<\/p>\r\n                                                    <\/div>\r\n                                    <div class=\"picto\">\r\n                                                                <div class=\"visu\" style=\"background-image:url('https:\/\/www.adeo.com\/wp-content\/uploads\/2022\/10\/picto-data-oeil.svg');\"><\/div>\r\n                                                                <p class=\"titre keb-titre-h2\">50%<\/p>\r\n                                                                <p class=\"ss_titre keb-titre-h5\">do nosso consumo de energia<\/p>\r\n                                                                <p class=\"texte\">pode ser economizado melhorando a efici\u00eancia da casa<\/p>\r\n                                                    <\/div>\r\n                                    <div class=\"picto\">\r\n                                                                <div class=\"visu\" style=\"background-image:url('https:\/\/www.adeo.com\/wp-content\/uploads\/2022\/10\/picto-data-loupe.svg');\"><\/div>\r\n                                                                <p class=\"titre keb-titre-h2\">82%<\/p>\r\n                                                                <p class=\"ss_titre keb-titre-h5\">da energia solar<\/p>\r\n                                                                <p class=\"texte\">diminuiu em 20 anos<\/p>\r\n                                                    <\/div>\r\n                    <\/div>\r\n\t<\/div>\r\n<\/div>\r\n[\/vc_column][\/vc_row]<\/p>\n<\/div>","protected":false},"excerpt":{"rendered":"<p>[vc_row][vc_column][vc_column_text] A transi\u00e7\u00e3o ecol\u00f3gica nos levar\u00e1 a repensar a forma como constru\u00edmos e vivemos. Qual \u00e9 a sua vis\u00e3o da casa do amanh\u00e3? Utilizamos e desperdi\u00e7amos muita energia. A busca por efici\u00eancia deve ser a palavra-chave do momento e do futuro! A casa \u00e9 o espa\u00e7o onde cada indiv\u00edduo e a popula\u00e7\u00e3o podem agir diretamente. [&hellip;]<\/p>\n","protected":false},"author":3,"featured_media":4736,"comment_status":"closed","ping_status":"open","sticky":false,"template":"","format":"standard","meta":{"_acf_changed":false,"inline_featured_image":false,"footnotes":""},"categories":[137],"tags":[],"class_list":["post-6023","post","type-post","status-publish","format-standard","has-post-thumbnail","hentry","category-compreensao-pt-br"],"acf":[],"_links":{"self":[{"href":"https:\/\/www.adeo.com\/pt-br\/wp-json\/wp\/v2\/posts\/6023","targetHints":{"allow":["GET"]}}],"collection":[{"href":"https:\/\/www.adeo.com\/pt-br\/wp-json\/wp\/v2\/posts"}],"about":[{"href":"https:\/\/www.adeo.com\/pt-br\/wp-json\/wp\/v2\/types\/post"}],"author":[{"embeddable":true,"href":"https:\/\/www.adeo.com\/pt-br\/wp-json\/wp\/v2\/users\/3"}],"replies":[{"embeddable":true,"href":"https:\/\/www.adeo.com\/pt-br\/wp-json\/wp\/v2\/comments?post=6023"}],"version-history":[{"count":0,"href":"https:\/\/www.adeo.com\/pt-br\/wp-json\/wp\/v2\/posts\/6023\/revisions"}],"wp:featuredmedia":[{"embeddable":true,"href":"https:\/\/www.adeo.com\/pt-br\/wp-json\/wp\/v2\/media\/4736"}],"wp:attachment":[{"href":"https:\/\/www.adeo.com\/pt-br\/wp-json\/wp\/v2\/media?parent=6023"}],"wp:term":[{"taxonomy":"category","embeddable":true,"href":"https:\/\/www.adeo.com\/pt-br\/wp-json\/wp\/v2\/categories?post=6023"},{"taxonomy":"post_tag","embeddable":true,"href":"https:\/\/www.adeo.com\/pt-br\/wp-json\/wp\/v2\/tags?post=6023"}],"curies":[{"name":"wp","href":"https:\/\/api.w.org\/{rel}","templated":true}]}}