{"id":10668,"date":"2022-12-27T12:00:29","date_gmt":"2022-12-27T11:00:29","guid":{"rendered":"https:\/\/www.adeo.com\/news\/adeo-engage-a-donner-une-seconde-vie-a-ses-produits\/"},"modified":"2023-01-04T10:26:37","modified_gmt":"2023-01-04T10:26:37","slug":"uteis-solidarios-uma-nova-vida-para-os-produtos-das-marcas-adeo","status":"publish","type":"post","link":"https:\/\/www.adeo.com\/pt-br\/news\/uteis-solidarios-uma-nova-vida-para-os-produtos-das-marcas-adeo\/","title":{"rendered":"\u201c\u00daTEIS &#038; SOLID\u00c1RIOS\u201d: UMA NOVA VIDA PARA OS PRODUTOS DAS MARCAS ADEO"},"content":{"rendered":"<div class=\"wpb-content-wrapper\"><p>[vc_row][vc_column][vc_column_text]<\/p>\n<h2><\/h2>\n<h2><span class=\"keb-headings keb-titre-h4\">Gest\u00e3o &amp; coleta de tudo o que sai das nossas prateleiras<\/span><\/h2>\n<p>&nbsp;<\/p>\n<p>B\u00e9r\u00e9nice Soudant, respons\u00e1vel de estoque dos produtos \u00fateis e solid\u00e1rios no ADEO, n\u00e3o sabe mais dizer ao certo quando essa iniciativa de dar uma nova vida aos produtos realmente come\u00e7ou.<em> \u00abQuando eu cheguei, h\u00e1 6 anos atr\u00e1s, algumas a\u00e7\u00f5es j\u00e1 estavam sendo feitas, em particular na Leroy Merlin. O que fazemos atualmente com a equipe \u00e9 estruturar cada vez mais, desenvolver novas solu\u00e7\u00f5es para simplificar o acesso aos produtos e agregar mais empresas ADEO, incluindo as internacionais\u00bb<\/em>, explica.<\/p>\n<p>&nbsp;<\/p>\n<p>A iniciativa coordenada por B\u00e9r\u00e9nice possui atualmente o objetivo de coletar produtos novos, perfeitos para o uso, mas que n\u00e3o podem mais ser vendidos nas lojas. Principalmente as amostras enviadas pelos nossos fornecedores, os artigos \u201cdescontinuados\u201d que foram devolvidos ap\u00f3s uma compra online, os produtos com estoque em excesso ou tamb\u00e9m os produtos de fim de s\u00e9rie. <em>\u201cTentamos melhorar constantemente a gest\u00e3o do estoque desses produtos, temos um projeto de cria\u00e7\u00e3o de uma solu\u00e7\u00e3o log\u00edstica espec\u00edfica\u201d<\/em>, indica B\u00e9r\u00e9nice Soudant.<\/p>\n<p>&nbsp;<\/p>\n<p>&nbsp;<\/p>\n<h2><span class=\"keb-headings keb-titre-h4\">As tr\u00eas vias para a nova vida dos produtos ADEO<\/span><\/h2>\n<p>&nbsp;<\/p>\n<p>Concretamente, esses produtos podem ter uma nova vida de tr\u00eas formas. Primeiramente, uma parte deles \u00e9 utilizada pela associa\u00e7\u00e3o <strong>\u00ab <a href=\"https:\/\/www.adeo.com\/pt-br\/news\/les-bricos-du-coeur-ajudar-quem-ajuda-os-outros\/\">Les Bricos du C\u0153ur<\/a> \u00bb<\/strong>, que faz reformas nos locais de institui\u00e7\u00f5es de cunho social. Para <em>\u00ab ajudar quem ajuda os outros \u00bb<\/em>, conforme o slogan dessa associa\u00e7\u00e3o fundada em 2013 por l\u00edderes da Leroy Merlin e ADEO, a plataforma fornece principalmente itens que ser\u00e3o facilmente utilizados nas obras solid\u00e1rias, como por exemplo tintas, rolos e pinc\u00e9is ou lonas. <em>\u00ab Incitamos que as lojas identifiquem os produtos com pequenos defeitos, mas que ainda poder\u00e3o ser utilizados nessas reformas \u00bb<\/em>, completa B\u00e9r\u00e9nice.<\/p>\n<p>&nbsp;<\/p>\n<p>Uma outra grande parte dos produtos \u00e9 doada para uma rede associativa. Com cerca de 400 estruturas parceiras, incluindo Restos du Coeur, associa\u00e7\u00f5es locais e casas de repouso sem fins lucrativos, esta grande rede de parceiros permite que cada tipo de produto seja enviado exatamente onde ele ter\u00e1 mais utilidade. B\u00e9r\u00e9nice Soudant ratifica: <em>\u00ab Estabelecemos um formul\u00e1rio para conhecer as necessidades de cada estrutura, sua capacidade de utiliza\u00e7\u00e3o e de estocagem, e claro, as informa\u00e7\u00f5es de contato. Desta forma, podemos compatibilizar nossa oferta de doa\u00e7\u00f5es com as necessidades das associa\u00e7\u00f5es e ter certeza de que esses produtos ter\u00e3o realmente uma nova vida. N\u00f3s queremos chegar ao objetivo de 1 milh\u00e3o de produtos \u00fateis e solid\u00e1rios por ano. \u00bb<\/em>.<\/p>\n<p>&nbsp;<\/p>\n<hr \/>\n<p>&nbsp;<\/p>\n<p><strong><br \/>\nUma contribui\u00e7\u00e3o primordial ADEO para o Servi\u00e7o Solid\u00e1rio \u201cBanque Solidaire de l\u2019Equipement &#8211; Emma\u00fcs D\u00e9fi\u201d<\/strong><\/p>\n<p>&nbsp;<\/p>\n<p>A rede de solidariedade Emma\u00fcs D\u00e9fi empenha-se continuamente na luta contra a exclus\u00e3o, onde o acesso \u00e0 moradia \u00e9 um momento crucial. Frequentemente, esta \u00e9 a etapa final de um acompanhamento social bem sucedido, mas tamb\u00e9m representa um per\u00edodo de fragilidade das pessoas. O servi\u00e7o Banque Solidaire de l\u2019Equipement foi criado para atender a essa demanda, permitindo que quem necessite, possa comprar em sua loja itens para o lar novos e com pre\u00e7os acess\u00edveis.<\/p>\n<p>&nbsp;<\/p>\n<p><em>\u201c\u00c9 primordial para n\u00f3s poder propor produtos novos e dur\u00e1veis para as pessoas que acompanhamos. Essa \u00e9 a chave para o sucesso da instala\u00e7\u00e3o em uma nova casa, mas tamb\u00e9m pela dignidade dos benefici\u00e1rios, essas pessoas t\u00eam direito a terem acesso a artigos de qualidade como todo mundo\u201d<\/em> explica Louison Marchand, Respons\u00e1vel da \u201cBanque Solidaire de l&#8217;Equipement\u201d da regi\u00e3o metropolitana de Lille.<\/p>\n<p>&nbsp;<\/p>\n<p><em>\u201cPor isso ADEO \u00e9 um parceiro precioso, que nos fornece tanto produtos de utilidade b\u00e1sica, como lixeiras (pode parecer bobeira, mas \u00e9 um item indispens\u00e1vel para a limpeza da casa), quanto artigos de decora\u00e7\u00e3o como quadros, velas, rel\u00f3gios. Estes itens permitem que as pessoas se sintam realmente em casa&#8230; E simplesmente, que se sintam bem\u201d<\/em>, completa.<\/p>\n<p>&nbsp;<\/p>\n<hr \/>\n<p>&nbsp;<\/p>\n<p>E por \u00faltimo, a equipe est\u00e1 trabalhando para a abertura em 2023 da primeira Venda Solid\u00e1ria. Ela completar\u00e1 o repert\u00f3rio da mercearia solid\u00e1ria j\u00e1 existente, para propor uma maior variedade de produtos: uma lista est\u00e1 sendo elaborada com os \u201c100 principais\u201d artigos indispens\u00e1veis ao cotidiano, como parafusos, cortinas e assentos de vaso sanit\u00e1rio. Os benefici\u00e1rios podem ter acesso a esse tipo de com\u00e9rcio social de acordo com sua renda, e o objetivo \u00e9 permitir que possam fazer obras ou bricolagem em suas casas a baixo custo.<\/p>\n<p>&nbsp;<\/p>\n<p>&nbsp;<\/p>\n<h2><span class=\"keb-headings keb-titre-h4\">Uma iniciativa aprovada, um movimento global<\/span><\/h2>\n<p>&nbsp;<\/p>\n<p>Essa iniciativa est\u00e1 em plena conson\u00e2ncia com o DNA do ADEO. Tendo em vista que ela diz respeito principalmente aos produtos ADEO, ou seja os da marca MDH (Marque des Habitantes), a plataforma se compromete a gerenciar a integralidade do ciclo de vida dos produtos e garantir sua rastreabilidade. O ADEO tamb\u00e9m participa de um amplo movimento social acerca da economia circular: que este ano, passou a um ritmo mais acelerado com a ado\u00e7\u00e3o na Fran\u00e7a da lei antidesperd\u00edcio pela economia circular (AGEC).<\/p>\n<p>&nbsp;<\/p>\n<p>A nova vida dos produtos \u00e9 uma iniciativa que acompanha a tem\u00e1tica de \u201cl\u00edderes engajados\u201d nas diversas marcas do grupo. <em>\u00ab Este ano, devido ao contexto da Covid-19, n\u00f3s t\u00ednhamos centenas de milhares de m\u00e1scaras cir\u00fargicas em estoque e que iriam perder a validade. Gra\u00e7as \u00e0 nossa rede de parceiros, pudemos do\u00e1-las para hospitais e casas de repouso da regi\u00e3o PACA (Proven\u00e7a-Alpes-C\u00f4te d\u2019Azur). Isso foi motivo de grande orgulho para as equipes do armaz\u00e9m em quest\u00e3o, de verem essas estruturas virem buscar as m\u00e1scaras e de se sentirem \u00fateis contribuindo para os profissionais da sa\u00fade e da \u00e1rea m\u00e9dico-social \u00bb<\/em>, explica B\u00e9r\u00e9nice Soudant.<\/p>\n<p>&nbsp;<\/p>\n<p>O que a deixa orgulhosa? <strong>Ela acredita que a doa\u00e7\u00e3o e reutiliza\u00e7\u00e3o de cada produto \u00e9 uma verdadeira vit\u00f3ria.<\/strong><\/p>\n<p><em> \u201cEu vejo um comprometimento incr\u00edvel no grupo ADEO, um desejo genu\u00edno de levar essas quest\u00f5es adiante. Em nenhum momento eu precisei convencer as pessoas: tudo ocorreu naturalmente. Eu tenho consci\u00eancia da sorte que tenho de trabalhar em um coletivo onde a solidariedade \u00e9 levada a s\u00e9rio\u201d<\/em>, afirma.[\/vc_column_text][\/vc_column][\/vc_row][vc_row][vc_column]<div class=\"adeo-section fullwidth bg-light\">\r\n\t<div class=\"ksc-lame-pictos\">\t\r\n        <div class=\"wrap-pictos wrap-resp\">\r\n                                    <div class=\"picto\">\r\n                                                                <div class=\"visu\" style=\"background-image:url('https:\/\/www.adeo.com\/wp-content\/uploads\/2022\/08\/picto-data-ok.svg');\"><\/div>\r\n                                                                <p class=\"titre keb-titre-h2\">400.000<\/p>\r\n                                                                <p class=\"ss_titre keb-titre-h5\">produtos<\/p>\r\n                                                                <p class=\"texte\">\u00fateis e solid\u00e1rios redistribu\u00eddos<\/p>\r\n                                                    <\/div>\r\n                                    <div class=\"picto\">\r\n                                                                <div class=\"visu\" style=\"background-image:url('https:\/\/www.adeo.com\/wp-content\/uploads\/2022\/10\/picto-data-loupe.svg');\"><\/div>\r\n                                                                <p class=\"titre keb-titre-h2\">3 milh\u00f5es<\/p>\r\n                                                                <p class=\"ss_titre keb-titre-h5\">de Euros<\/p>\r\n                                                                <p class=\"texte\">de valor de mercado<\/p>\r\n                                                    <\/div>\r\n                                    <div class=\"picto\">\r\n                                                                <div class=\"visu\" style=\"background-image:url('https:\/\/www.adeo.com\/wp-content\/uploads\/2022\/10\/picto-data-oeil.svg');\"><\/div>\r\n                                                                <p class=\"titre keb-titre-h2\">100<\/p>\r\n                                                                <p class=\"ss_titre keb-titre-h5\">associa\u00e7\u00f5es benefici\u00e1rias<\/p>\r\n                                                                <p class=\"texte\">desde 2021<\/p>\r\n                                                    <\/div>\r\n                                    <div class=\"picto\">\r\n                                                                <div class=\"visu\" style=\"background-image:url('https:\/\/www.adeo.com\/wp-content\/uploads\/2022\/10\/picto-data-idee.svg');\"><\/div>\r\n                                                                <p class=\"titre keb-titre-h2\">6<\/p>\r\n                                                                <p class=\"ss_titre keb-titre-h5\">empresas ADEO<\/p>\r\n                                                                <p class=\"texte\">francesas envolvidas<\/p>\r\n                                                    <\/div>\r\n                    <\/div>\r\n\t<\/div>\r\n<\/div>\r\n[\/vc_column][\/vc_row]<\/p>\n<\/div>","protected":false},"excerpt":{"rendered":"<p>[vc_row][vc_column][vc_column_text] Gest\u00e3o &amp; coleta de tudo o que sai das nossas prateleiras &nbsp; B\u00e9r\u00e9nice Soudant, respons\u00e1vel de estoque dos produtos \u00fateis e solid\u00e1rios no ADEO, n\u00e3o sabe mais dizer ao certo quando essa iniciativa de dar uma nova vida aos produtos realmente come\u00e7ou. \u00abQuando eu cheguei, h\u00e1 6 anos atr\u00e1s, algumas a\u00e7\u00f5es j\u00e1 estavam sendo [&hellip;]<\/p>\n","protected":false},"author":3,"featured_media":10540,"comment_status":"closed","ping_status":"open","sticky":false,"template":"","format":"standard","meta":{"_acf_changed":false,"inline_featured_image":false,"footnotes":""},"categories":[62],"tags":[],"class_list":["post-10668","post","type-post","status-publish","format-standard","has-post-thumbnail","hentry","category-nao-categorizado"],"acf":[],"_links":{"self":[{"href":"https:\/\/www.adeo.com\/pt-br\/wp-json\/wp\/v2\/posts\/10668","targetHints":{"allow":["GET"]}}],"collection":[{"href":"https:\/\/www.adeo.com\/pt-br\/wp-json\/wp\/v2\/posts"}],"about":[{"href":"https:\/\/www.adeo.com\/pt-br\/wp-json\/wp\/v2\/types\/post"}],"author":[{"embeddable":true,"href":"https:\/\/www.adeo.com\/pt-br\/wp-json\/wp\/v2\/users\/3"}],"replies":[{"embeddable":true,"href":"https:\/\/www.adeo.com\/pt-br\/wp-json\/wp\/v2\/comments?post=10668"}],"version-history":[{"count":0,"href":"https:\/\/www.adeo.com\/pt-br\/wp-json\/wp\/v2\/posts\/10668\/revisions"}],"wp:featuredmedia":[{"embeddable":true,"href":"https:\/\/www.adeo.com\/pt-br\/wp-json\/wp\/v2\/media\/10540"}],"wp:attachment":[{"href":"https:\/\/www.adeo.com\/pt-br\/wp-json\/wp\/v2\/media?parent=10668"}],"wp:term":[{"taxonomy":"category","embeddable":true,"href":"https:\/\/www.adeo.com\/pt-br\/wp-json\/wp\/v2\/categories?post=10668"},{"taxonomy":"post_tag","embeddable":true,"href":"https:\/\/www.adeo.com\/pt-br\/wp-json\/wp\/v2\/tags?post=10668"}],"curies":[{"name":"wp","href":"https:\/\/api.w.org\/{rel}","templated":true}]}}