{"id":1083,"count":1,"description":"","link":"https:\/\/www.adeo.com\/pl\/news\/tag\/roznorodnoscia-i-integracja\/","name":"R\u00f3\u017cnorodno\u015bci\u0105 i integracj\u0105","slug":"roznorodnoscia-i-integracja","taxonomy":"post_tag","meta":[],"_links":{"self":[{"href":"https:\/\/www.adeo.com\/pl\/wp-json\/wp\/v2\/tags\/1083","targetHints":{"allow":["GET"]}}],"collection":[{"href":"https:\/\/www.adeo.com\/pl\/wp-json\/wp\/v2\/tags"}],"about":[{"href":"https:\/\/www.adeo.com\/pl\/wp-json\/wp\/v2\/taxonomies\/post_tag"}],"wp:post_type":[{"href":"https:\/\/www.adeo.com\/pl\/wp-json\/wp\/v2\/posts?tags=1083"}],"curies":[{"name":"wp","href":"https:\/\/api.w.org\/{rel}","templated":true}]}}