{"id":9587,"date":"2022-11-29T22:20:19","date_gmt":"2022-11-29T21:20:19","guid":{"rendered":"https:\/\/www.adeo.com\/news\/safety-leader-chez-adeo-une-mission-qui-place-lhumain-au-coeur\/"},"modified":"2022-12-19T10:48:33","modified_gmt":"2022-12-19T10:48:33","slug":"spotkanie-z-panem-marc-sallebert-liderem-ds-bezpieczenstwa-w-przedsiebiorstwach-adeo","status":"publish","type":"post","link":"https:\/\/www.adeo.com\/pl\/news\/spotkanie-z-panem-marc-sallebert-liderem-ds-bezpieczenstwa-w-przedsiebiorstwach-adeo\/","title":{"rendered":"Spotkanie z Panem Marc Sallebert, Liderem ds. Bezpiecze\u0144stwa w przedsi\u0119biorstwach ADEO"},"content":{"rendered":"<div class=\"wpb-content-wrapper\"><p>[vc_row][vc_column][vc_column_text]<\/p>\n<h2><span class=\"keb-headings keb-titre-h4\">Safety First, zobowi\u0105zanie do zapewnienia zbiorowego bezpiecze\u0144stwa<\/span><\/h2>\n<p>&nbsp;<\/p>\n<p>Marc Sallebert, prawdziwy animator spo\u0142eczno\u015bci Lider\u00f3w Bezpiecze\u0144stwa, zaanga\u017cowany w swoj\u0105 prac\u0119, wsp\u00f3\u0142pracuje z r\u00f3\u017cnymi bran\u017cami i innymi Liderami Bezpiecze\u0144stwa. Jego misja? Ka\u017cdego dnia podejmowanie dzia\u0142a\u0144, maj\u0105cych na celu zmniejszenie ryzyka wypadku przy pracy i chor\u00f3b zawodowych, zar\u00f3wno w przedsi\u0119biorstwach ADEO, jak i u wszystkich naszych partner\u00f3w. Element \u201ebezpiecze\u0144stwo\u201d jest uwzgl\u0119dniany w ca\u0142ym \u0142a\u0144cuchu warto\u015bci: od wydobycia surowc\u00f3w, poprzez dostaw\u0119 produkt\u00f3w ko\u0144cowych do naszych klient\u00f3w, a\u017c do ko\u0144ca \u017cycia naszych produkt\u00f3w.<br \/>\n<em>\u201eW ADEO Liderzy Bezpiecze\u0144stwa stoj\u0105 na stra\u017cy bezpiecze\u0144stwa naszych zespo\u0142\u00f3w, chocia\u017c bezpiecze\u0144stwo jest spraw\u0105 nas wszystkich: ka\u017cdy z nas jest odpowiedzialny za bezpiecze\u0144stwo swoje i innych\u201d<\/em>, wyja\u015bnia Marc Sallebert. <em>\u201eChcemy, aby bezpiecze\u0144stwo by\u0142o cz\u0119\u015bci\u0105 codziennego i automatycznego zachowania w ka\u017cdym zawodzie, zgodnie z przepisami ka\u017cdego kraju, w kt\u00f3rym dzia\u0142amy. \u201d<\/em><\/p>\n<p>&nbsp;<\/p>\n<p>&nbsp;<\/p>\n<h2><span class=\"keb-headings keb-titre-h4\">Sie\u0107 dedykowana bezpiecze\u0144stwu w przedsi\u0119biorstwach ADEO<\/span><\/h2>\n<p>&nbsp;<\/p>\n<p>Przez ca\u0142y rok Marc wsp\u00f3\u0142pracuje ze swoimi odpowiednikami w r\u00f3\u017cnych przedsi\u0119biorstwach. To dzi\u0119ki wsp\u00f3lnej pracy uda\u0142o im si\u0119 ustanowi\u0107 zarz\u0105dzanie i wsp\u00f3lne zasady bezpiecze\u0144stwa.<br \/>\n<em>\u201eEksperci terenowi zg\u0142aszaj\u0105 problemy, zagro\u017cenia; a my wsp\u00f3lnie opracowujemy najlepsze praktyki, aby im zaradzi\u0107\u201d <\/em>, \u2013 wyja\u015bnia Marc.<br \/>\nLiderzy Bezpiecze\u0144stwa stworzyli r\u00f3wnie\u017c znak \u201eSafe Place To Work\u201d (Bezpieczne Miejsce Pracy), stanowi\u0105cy nagrod\u0119 dla sklep\u00f3w, w kt\u00f3rych przez 1 rok, 2 lata i 1000 dni nie dosz\u0142o do \u017cadnego wypadku.<\/p>\n<p>&nbsp;<\/p>\n<p><span class=\"keb-headings citation\" style=\"font-size: 16px;\"><strong><span style=\"color: #009eac;\">\u201eBezpiecze\u0144stwo to trwa\u0142e zobowi\u0105zanie, a nie tymczasowy priorytet. \u201d<\/span><\/strong><br \/>\n<strong>Marc Sallebert<\/strong>, Lider Bezpiecze\u0144stwa ADEO<\/span><\/p>\n<p>&nbsp;<\/p>\n<p>&nbsp;<\/p>\n<p><span class=\"keb-headings keb-titre-h4\">Podstawy strategii Safety First<\/span><\/p>\n<p>&nbsp;<\/p>\n<p>Marc Sallebert traktuje bezpiecze\u0144stwo jak ka\u017cd\u0105 inn\u0105 dzia\u0142alno\u015b\u0107 przedsi\u0119biorstwa. Potrzebuje ona odr\u0119bnego procesu i musi mie\u0107 pozytywny wp\u0142yw na ka\u017cdego mened\u017cera.<br \/>\n<em>\u201eWymaga procesu bezpiecze\u0144stwa, kt\u00f3ry jest zobiektywizowany, uj\u0119ty w bud\u017cecie, zarz\u0105dzany i przekazywany r\u00f3\u017cnym interesariuszom\u201d<\/em> \u2014 dodaje.<\/p>\n<p>&nbsp;<\/p>\n<p>D\u0105\u017c\u0105c do uczynienia z ADEO g\u0142\u00f3wnego gracza w kwestii bezpiecze\u0144stwa w sektorze mieszkaniowym, Marc i spo\u0142eczno\u015b\u0107 Lider\u00f3w Bezpiecze\u0144stwa wyznaczyli kilka filar\u00f3w:<\/p>\n<p>&nbsp;<\/p>\n<ul>\n<li>Ramy prawne i pisemne zasady;<\/li>\n<li>Strategia zarz\u0105dzana lokalnie i globalnie z jasnymi wska\u017anikami efektywno\u015bci;<\/li>\n<li>Sta\u0142a kontrola operacji;<\/li>\n<li>Rozpowszechnienie Safety First w\u015br\u00f3d wszystkich interesariuszy.<\/li>\n<\/ul>\n<p>&nbsp;<\/p>\n<p>&nbsp;<\/p>\n<h2><span class=\"keb-headings keb-titre-h4\">Strategia z silnymi markerami, wdro\u017cona w 2022 r. <\/span><\/h2>\n<p>&nbsp;<\/p>\n<p>Od ko\u0144ca 2021 r. strategia Safety First wyznaczy\u0142a <strong>4 priorytetowe kierunki<\/strong>:<\/p>\n<ul>\n<li>Zarz\u0105dzanie 100% Safety First: szkolenie naszych pracownik\u00f3w i mened\u017cer\u00f3w oraz w\u0142\u0105czenie komponentu \u201eBezpiecze\u0144stwo\u201d do premii za post\u0119p;<\/li>\n<li>Postawa bezpiecze\u0144stwa: zaanga\u017cowanie 150 000 naszych pracownik\u00f3w na rzecz bezpiecze\u0144stwa w\u0142asnego i innych poprzez codzienne szkolenia i podnoszenie ich \u015bwiadomo\u015bci;<\/li>\n<li>Organizacja: Lider Bezpiecze\u0144stwa po\u015bwi\u0119ca 100% swojego czasu w ka\u017cdym przedsi\u0119biorstwie ADEO;<\/li>\n<li>Bezwypadkowy przep\u0142yw towar\u00f3w: zmniejszenie ryzyka, od projektu do dostawy do naszych klient\u00f3w, poprzez pakowanie, zasady paletyzacji, zasady ruchu drogowego i wsp\u00f3\u0142istnienia mi\u0119dzy maszynami a pracownikami itp.<\/li>\n<\/ul>\n<p>&nbsp;<\/p>\n<p>Strategia ta zapewni\u0142a spadek wska\u017anika wypadk\u00f3w oraz wska\u017anika ci\u0119\u017cko\u015bci wypadk\u00f3w w 2022 roku. <em>\u201eCz\u0119sto traktujemy bezpiecze\u0144stwo jako ograniczenie, ale ja postrzegam je jako szans\u0119 poprawy relacji mi\u0119dzyludzkich i doskona\u0142o\u015bci operacyjnej, a tak\u017ce pow\u00f3d do dumy z przynale\u017cno\u015bci do organizacji, kt\u00f3ra Nas chroni\u201d<\/em> &#8211; podsumowuje Marc Sallebert, kt\u00f3ry liczy na zaanga\u017cowanie ka\u017cdego ze 150 000 pracownik\u00f3w ADEO w osi\u0105gni\u0119cie wyniku zero wypadk\u00f3w.<\/p>\n<p>&nbsp;<\/p>\n<hr \/>\n<p>&nbsp;<\/p>\n<h2><span class=\"keb-headings keb-titre-h5\">Dla ADEO bycie przedsi\u0119biorstwem Safety First oznacza:<\/span><\/h2>\n<p>&nbsp;<\/p>\n<ul>\n<li>Cel zero wypadk\u00f3w przy pracy i zero chor\u00f3b zawodowych;<\/li>\n<li>Powi\u0105zanie wydajno\u015bci z warunkami zapewniaj\u0105cymi bezpieczne i zdrowe \u015brodowisko pracy;<\/li>\n<li>Zapisywanie bezpiecze\u0144stwa w pierwszej linii naszych raport\u00f3w;<\/li>\n<\/ul>\n<p>[\/vc_column_text][\/vc_column][\/vc_row][vc_row][vc_column]<div class=\"adeo-section fullwidth bg-light\">\r\n\t<div class=\"ksc-lame-pictos\">\t\r\n        <div class=\"wrap-pictos wrap-resp\">\r\n                                    <div class=\"picto\">\r\n                                                                <div class=\"visu\" style=\"background-image:url('https:\/\/www.adeo.com\/wp-content\/uploads\/2022\/08\/picto-data-ok.svg');\"><\/div>\r\n                                                                <p class=\"titre keb-titre-h2\">ponad 35 pracownik\u00f3w<\/p>\r\n                                                                <p class=\"ss_titre keb-titre-h5\">zatrudnionych do realizacji<\/p>\r\n                                                                <p class=\"texte\">strategii Safety First w Leroy Merlin<\/p>\r\n                                                    <\/div>\r\n                                    <div class=\"picto\">\r\n                                                                <div class=\"visu\" style=\"background-image:url('https:\/\/www.adeo.com\/wp-content\/uploads\/2022\/10\/picto-data-oeil.svg');\"><\/div>\r\n                                                                <p class=\"titre keb-titre-h2\">ponad 1000 dni<\/p>\r\n                                                                <p class=\"ss_titre keb-titre-h5\">bez wypadku<\/p>\r\n                                                                <p class=\"texte\">w 56 sklepach<\/p>\r\n                                                    <\/div>\r\n                                    <div class=\"picto\">\r\n                                                                <div class=\"visu\" style=\"background-image:url('https:\/\/www.adeo.com\/wp-content\/uploads\/2022\/10\/picto-data-loupe.svg');\"><\/div>\r\n                                                                <p class=\"titre keb-titre-h2\">ponad 1 rok<\/p>\r\n                                                                <p class=\"ss_titre keb-titre-h5\">bez wypadku<\/p>\r\n                                                                <p class=\"texte\">w 201 sklepach<\/p>\r\n                                                    <\/div>\r\n                    <\/div>\r\n\t<\/div>\r\n<\/div>\r\n[\/vc_column][\/vc_row]<\/p>\n<\/div>","protected":false},"excerpt":{"rendered":"<p>[vc_row][vc_column][vc_column_text] Safety First, zobowi\u0105zanie do zapewnienia zbiorowego bezpiecze\u0144stwa &nbsp; Marc Sallebert, prawdziwy animator spo\u0142eczno\u015bci Lider\u00f3w Bezpiecze\u0144stwa, zaanga\u017cowany w swoj\u0105 prac\u0119, wsp\u00f3\u0142pracuje z r\u00f3\u017cnymi bran\u017cami i innymi Liderami Bezpiecze\u0144stwa. Jego misja? Ka\u017cdego dnia podejmowanie dzia\u0142a\u0144, maj\u0105cych na celu zmniejszenie ryzyka wypadku przy pracy i chor\u00f3b zawodowych, zar\u00f3wno w przedsi\u0119biorstwach ADEO, jak i u wszystkich naszych partner\u00f3w. [&hellip;]<\/p>\n","protected":false},"author":3,"featured_media":9049,"comment_status":"closed","ping_status":"open","sticky":false,"template":"","format":"standard","meta":{"_acf_changed":false,"inline_featured_image":false,"footnotes":""},"categories":[139],"tags":[],"class_list":["post-9587","post","type-post","status-publish","format-standard","has-post-thumbnail","hentry","category-zainspiruj-sie"],"acf":[],"_links":{"self":[{"href":"https:\/\/www.adeo.com\/pl\/wp-json\/wp\/v2\/posts\/9587","targetHints":{"allow":["GET"]}}],"collection":[{"href":"https:\/\/www.adeo.com\/pl\/wp-json\/wp\/v2\/posts"}],"about":[{"href":"https:\/\/www.adeo.com\/pl\/wp-json\/wp\/v2\/types\/post"}],"author":[{"embeddable":true,"href":"https:\/\/www.adeo.com\/pl\/wp-json\/wp\/v2\/users\/3"}],"replies":[{"embeddable":true,"href":"https:\/\/www.adeo.com\/pl\/wp-json\/wp\/v2\/comments?post=9587"}],"version-history":[{"count":0,"href":"https:\/\/www.adeo.com\/pl\/wp-json\/wp\/v2\/posts\/9587\/revisions"}],"wp:featuredmedia":[{"embeddable":true,"href":"https:\/\/www.adeo.com\/pl\/wp-json\/wp\/v2\/media\/9049"}],"wp:attachment":[{"href":"https:\/\/www.adeo.com\/pl\/wp-json\/wp\/v2\/media?parent=9587"}],"wp:term":[{"taxonomy":"category","embeddable":true,"href":"https:\/\/www.adeo.com\/pl\/wp-json\/wp\/v2\/categories?post=9587"},{"taxonomy":"post_tag","embeddable":true,"href":"https:\/\/www.adeo.com\/pl\/wp-json\/wp\/v2\/tags?post=9587"}],"curies":[{"name":"wp","href":"https:\/\/api.w.org\/{rel}","templated":true}]}}