{"id":10820,"date":"2022-12-20T23:00:23","date_gmt":"2022-12-20T22:00:23","guid":{"rendered":"https:\/\/www.adeo.com\/news\/les-bricos-du-coeur-adeo-sengage-benevolement-en-faveur-de-chantiers-damenagement-ou-de-decoration\/"},"modified":"2023-01-05T08:57:59","modified_gmt":"2023-01-05T08:57:59","slug":"bricos-du-coeur-pomaganie-ludziom-ktorzy-pomagaja-ludziom","status":"publish","type":"post","link":"https:\/\/www.adeo.com\/pl\/news\/bricos-du-coeur-pomaganie-ludziom-ktorzy-pomagaja-ludziom\/","title":{"rendered":"Bricos du Coeur &#8211; pomaganie ludziom, kt\u00f3rzy pomagaj\u0105 ludziom"},"content":{"rendered":"<div class=\"wpb-content-wrapper\"><p>[vc_row][vc_column][vc_column_text]Prawdopodobnie nie przez przypadek, w pa\u017adzierniku 2011 r., pierwszy projekt zrealizowany zosta\u0142 przez Bricos du C\u0153ur dla organizacji charytatywnej Restaurant du C\u0153ur. Oba stowarzyszenia mia\u0142y to samo pragnienie: dzia\u0142anie na rzecz poprawy warunk\u00f3w. Dla Bricos du C\u0153ur oznacza to pomaganie osobom, kt\u00f3re pomagaj\u0105 ludziom (stowarzyszenia, fundacje, domy opieki, szpitale itd.) poprzez popraw\u0119 \u015brodowiska pracy lub \u017cycia tych struktur spo\u0142ecznych, realizuj\u0105c projekty lub przekazuj\u0105c darowizny w postaci produkt\u00f3w.<\/p>\n<p>&nbsp;<\/p>\n<p>&nbsp;<\/p>\n<h2><span class=\"keb-headings keb-titre-h4\" style=\"color: #009eac;\">Dawa\u0107 i majsterkowa\u0107 z po\u017cytkiem<\/span><\/h2>\n<p>&nbsp;<\/p>\n<p><em>\u201eStowarzyszenie Bricos du C\u0153ur powsta\u0142o z woli czterech pracownik\u00f3w ADEO, kt\u00f3rzy doszli do wsp\u00f3lnego wniosku: zdecydowanie zbyt wiele firm wyrzuca sw\u00f3j sprz\u0119t do majsterkowania (niesprzedane produkty, uszkodzone opakowania, ko\u0144c\u00f3wki serii, artyku\u0142y powystawowe itp.). Nie tylko wi\u0105\u017ce si\u0119 to z kosztami, ale nie jest zbyt odpowiedzialne. Te produkty mo\u017cna odzyska\u0107, aby wesprze\u0107 na przyk\u0142ad struktury pomagaj\u0105ce ludziom w trudnej sytuacji\u201d<\/em>\u2013 wyja\u015bnia Laurent Vergult, prezes stowarzyszenia Bricos du C\u0153ur i Lider Enjeu solidarit\u00e9 w ADEO.<\/p>\n<p>W swojej dzia\u0142alno\u015bci stowarzyszenie mo\u017ce liczy\u0107 na wsparcie firm partnerskich poprzez darowizny finansowe lub rzeczowe, na ich pracownik\u00f3w, ale tak\u017ce na wolontariuszy czy m\u0142odych ludzi, gotowych do po\u015bwi\u0119cenia czasu na rzecz spo\u0142ecze\u0144stwa. <\/strong><\/p>\n<p><em>\u201eFirmy zg\u0142aszaj\u0105 si\u0119 do nas, doceniaj\u0105c nasz\u0105 wiedz\u0119 i do\u015bwiadczenie w zakresie projekt\u00f3w solidarno\u015bciowych. Dzi\u0119ki temu u\u0142atwi\u0105 one swoim pracownikom wzi\u0119cie udzia\u0142u w akcji solidarno\u015bciowej\u201d<\/em>. McCain, Saint Gobain, Rexel, Ryobi\u2026 wiele z nich si\u0119 zaanga\u017cowa\u0142o. I oczywi\u015bcie ADEO.<\/p>\n<p>&nbsp;<\/p>\n<p>&nbsp;<\/p>\n<h2><span class=\"keb-headings keb-titre-h4\" style=\"color: #009eac;\">ADEO x Bricos du C\u0153ur, naturalne partnerstwo<\/span><\/h2>\n<p>&nbsp;<\/p>\n<p>Partnerstwo by\u0142o oczywiste: Bricos du C\u0153ur wyznaje te same warto\u015bci co ADEO i pozwala, aby liderzy platformy byli coraz bardziej u\u017cyteczni, pracownicy mog\u0105 anga\u017cowa\u0107 si\u0119 jako wolontariusze w projekty lub dzieli\u0107 si\u0119 umiej\u0119tno\u015bciami.<\/p>\n<p><strong>Cel ADEO: 1000 projekt\u00f3w realizowanych rocznie na ca\u0142ym \u015bwiecie \u2013 przy okazji, ka\u017cdy nowy pracownik wykonuje projekt solidarno\u015bciowy w ramach swojej integracji. <\/strong><\/p>\n<p>ADEO zobowi\u0105zuje si\u0119 r\u00f3wnie\u017c do przekazywania miliona przydatnych i solidarno\u015bciowych produkt\u00f3w rocznie. <em>\u201eADEO wspiera nas finansowo i stawiaj\u0105c na parkingu Terradeo w Ronchin nasz namiot , kt\u00f3ry sta\u0142 si\u0119 prawdziwym magazynem produkt\u00f3w, kt\u00f3re otrzymujemy. Produkty u\u017cywane w projektach solidarno\u015bciowych lub przekazywane organizacjom. \u201d<\/em><\/p>\n<p>&nbsp;<\/p>\n<p>&nbsp;<\/p>\n<h2><span class=\"keb-headings keb-titre-h4\" style=\"color: #009eac;\">Dzia\u0142anie na rzecz rozwoju projekt\u00f3w solidarno\u015bciowych<\/span><\/h2>\n<p>&nbsp;<\/p>\n<p>Stowarzyszenie Bricos du C\u0153ur dzia\u0142a bez wytchnienia, tworz\u0105c innowacyjne rozwi\u0105zania.<\/p>\n<p><strong>Realizuje szereg projekt\u00f3w:<\/strong> utworzenie <strong>strony internetowej<\/strong> dla ofert wolontariatu, a tak\u017ce <strong>strony e-commerce<\/strong>, umo\u017cliwiaj\u0105cej przep\u0142yw zapas\u00f3w produkt\u00f3w do szerszego grona odbiorc\u00f3w, a nie tylko na lokalnych wyprzeda\u017cach. Dok\u0142adniej, je\u015bli chodzi o produkty, Bricos du C\u0153ur jest w trakcie tworzenia listy <strong>Top 100 najbardziej po\u017c\u0105danych produkt\u00f3w, aby ukierunkowa\u0107 firmy.<\/strong><\/p>\n<p>Jest te\u017c projekt sieci solidarno\u015bciowych sklep\u00f3w z artyku\u0142ami metalowymi dla os\u00f3b o niskich dochodach oraz zagospodarowania nieczynnej szko\u0142y, w kt\u00f3rej urz\u0105dzone zostan\u0105: siedziba stowarzyszenia Bricos du C\u0153ur, solidarno\u015bciowy sklep z artyku\u0142ami metalowymi, strefa coworking , przestrze\u0144 na wydarzenia, kawiarnia stowarzyszenia, kawiarenka naprawcza oraz przestrze\u0144 dedykowana ekonomii spo\u0142ecznej i solidarnej. Bricos de C\u0153ur robi wiele i chce p\u00f3j\u015b\u0107 jeszcze dalej: stowarzyszenie, uznane za dzia\u0142aj\u0105ce w interesie og\u00f3lnym, chcia\u0142oby teraz zosta\u0107 uznane za stowarzyszenie u\u017cyteczno\u015bci publicznej i ma ambicj\u0119 znalezienia si\u0119 w pierwszej setce \u015bwiatowych stowarzysze\u0144 w ci\u0105gu pi\u0119ciu lat.<\/p>\n<p>&nbsp;<\/p>\n<hr \/>\n<p>&nbsp;<\/p>\n<h2><span class=\"keb-headings keb-titre-h4\">Wypowiedzi<\/span><\/h2>\n<p>&nbsp;<\/p>\n<p><strong>Sandrine Vecchio, kierownik dzia\u0142u w Leroy Merlin w Villeneuve d&#8217;Ascq<\/strong><\/p>\n<p><span class=\"keb-headings citation\" style=\"font-size: 16px;\">\u201eJestem wolontariuszk\u0105 od lata 2021 roku. Przy realizacji projektu solidarno\u015bciowego pozna\u0142am wspania\u0142ych ludzi i poczu\u0142am potrzeb\u0119 bycia potrzebn\u0105. Pracuj\u0119 w namiocie Bricos, przygotowuj\u0105c darowizny dla struktur beneficjent\u00f3w. To dla mnie ogromna przyjemno\u015b\u0107 pracowa\u0107 z lud\u017ami, zjednoczonymi z tych samych powod\u00f3w: aby pomaga\u0107 ludziom, kt\u00f3rzy pomagaj\u0105 ludziom. S\u0142uchanie, wzajemna pomoc, \u017cyczliwo\u015b\u0107 s\u0105 obecne podczas ka\u017cdej mojej wizyty w namiocie. Mam pi\u0119kne wspomnienia zwi\u0105zane z projektem Domu opieki starszych os\u00f3b Or\u00e9e du Mont w Halluin: sp\u0119dzi\u0142am wspania\u0142e popo\u0142udnie pe\u0142ne emocji i dzielenia si\u0119. Mog\u0142am spotka\u0107 si\u0119 z mieszka\u0144cami dotkni\u0119tymi chorob\u0105 Alzheimera w towarzystwie ich opiekun\u00f3w, a tak\u017ce pozna\u0142am innych pracownik\u00f3w ADEO, z kt\u00f3rymi majsterkowa\u0142am. Cudowne chwile i wspomnienia. \u201d<\/span><\/p>\n<p>&nbsp;<\/p>\n<p>&nbsp;<\/p>\n<p><strong>B\u00e9n\u00e9dicte Woestelandt, by\u0142a asystentka dyrekcji w ADEO<\/strong><\/p>\n<p><span class=\"keb-headings citation\" style=\"font-size: 16px;\">\u201eWe\u017a intensywne i o\u017cywione \u017cycie zawodowe, dodaj ostatni rok sponsorowania umiej\u0119tno\u015bci. Wymieszaj z r\u00f3\u017cnymi i zr\u00f3\u017cnicowanymi profilami: pracownikami Bricos du C\u0153ur, s\u0142u\u017cb\u0105 obywatelsk\u0105, uczniami, sta\u017cystami, liderami wyzwania solidarno\u015bci ADEO, wolontariuszami. Dodaj (obficie) prac\u0119 zespo\u0142ow\u0105, wszechstronno\u015b\u0107, zdolno\u015b\u0107 adaptacji i otwarto\u015b\u0107. Gotuj na wolnym ogniu, aby uzyska\u0107 pi\u0119kn\u0105, wspieraj\u0105c\u0105 si\u0119 i z\u017cyt\u0105 rodzin\u0119. Obsyp ca\u0142o\u015b\u0107 \u2013 i to jest najwa\u017cniejsze \u2013 wspania\u0142ymi spotkaniami, wybuchami \u015bmiechu, zaskakuj\u0105cymi i niezapomnianymi chwilami. Pozostaw do wyro\u015bni\u0119cia ma\u0142y rok, a uzyskasz bardzo wzbogacaj\u0105ce do\u015bwiadczenie, jedno z najlepszych w ca\u0142ej karierze. Dzi\u0119kuj\u0119 ca\u0142emu zespo\u0142owi! Dzi\u0119kuj\u0119 Bricos! Moje projekty? Emerytura, ale pod jednym warunkiem: nadal bycie wolontariuszem w Bricos! \u201d<\/span>[\/vc_column_text][\/vc_column][\/vc_row][vc_row][vc_column]<div class=\"adeo-section fullwidth bg-light\">\r\n\t<div class=\"ksc-lame-pictos\">\t\r\n        <div class=\"wrap-pictos wrap-resp\">\r\n                                    <div class=\"picto\">\r\n                                                                <div class=\"visu\" style=\"background-image:url('https:\/\/www.adeo.com\/wp-content\/uploads\/2022\/08\/picto-data-ok.svg');\"><\/div>\r\n                                                                <p class=\"titre keb-titre-h2\">1127<\/p>\r\n                                                                <p class=\"ss_titre keb-titre-h5\">projekt\u00f3w <\/p>\r\n                                                                <p class=\"texte\">realizowanych na ca\u0142ym \u015bwiecie, z czego 586 we Francji<\/p>\r\n                                                    <\/div>\r\n                                    <div class=\"picto\">\r\n                                                                <div class=\"visu\" style=\"background-image:url('https:\/\/www.adeo.com\/wp-content\/uploads\/2022\/10\/picto-data-oeil.svg');\"><\/div>\r\n                                                                <p class=\"titre keb-titre-h2\">11<\/p>\r\n                                                                <p class=\"ss_titre keb-titre-h5\">kraj\u00f3w<\/p>\r\n                                                                <p class=\"texte\">zaanga\u017cowanych w dzia\u0142alno\u015b\u0107 Bricos du Coeur<\/p>\r\n                                                    <\/div>\r\n                                    <div class=\"picto\">\r\n                                                                <div class=\"visu\" style=\"background-image:url('https:\/\/www.adeo.com\/wp-content\/uploads\/2022\/10\/picto-data-loupe.svg');\"><\/div>\r\n                                                                <p class=\"titre keb-titre-h2\">7 000<\/p>\r\n                                                                <p class=\"ss_titre keb-titre-h5\">lider\u00f3w<\/p>\r\n                                                                <p class=\"texte\">przynajmniej raz zaanga\u017cowanych by\u0142o w projekt Bricos du Coeur<\/p>\r\n                                                    <\/div>\r\n                                    <div class=\"picto\">\r\n                                                                <div class=\"visu\" style=\"background-image:url('https:\/\/www.adeo.com\/wp-content\/uploads\/2022\/10\/picto-data-idee.svg');\"><\/div>\r\n                                                                <p class=\"titre keb-titre-h2\">500<\/p>\r\n                                                                <p class=\"ss_titre keb-titre-h5\">struktur<\/p>\r\n                                                                <p class=\"texte\">beneficjent\u00f3w<\/p>\r\n                                                    <\/div>\r\n                    <\/div>\r\n\t<\/div>\r\n<\/div>\r\n[\/vc_column][\/vc_row]<\/p>\n<\/div>","protected":false},"excerpt":{"rendered":"<p>[vc_row][vc_column][vc_column_text]Prawdopodobnie nie przez przypadek, w pa\u017adzierniku 2011 r., pierwszy projekt zrealizowany zosta\u0142 przez Bricos du C\u0153ur dla organizacji charytatywnej Restaurant du C\u0153ur. Oba stowarzyszenia mia\u0142y to samo pragnienie: dzia\u0142anie na rzecz poprawy warunk\u00f3w. Dla Bricos du C\u0153ur oznacza to pomaganie osobom, kt\u00f3re pomagaj\u0105 ludziom (stowarzyszenia, fundacje, domy opieki, szpitale itd.) poprzez popraw\u0119 \u015brodowiska pracy lub [&hellip;]<\/p>\n","protected":false},"author":3,"featured_media":10526,"comment_status":"closed","ping_status":"open","sticky":false,"template":"","format":"standard","meta":{"_acf_changed":false,"inline_featured_image":false,"footnotes":""},"categories":[120],"tags":[],"class_list":["post-10820","post","type-post","status-publish","format-standard","has-post-thumbnail","hentry","category-bez-kategorii"],"acf":[],"_links":{"self":[{"href":"https:\/\/www.adeo.com\/pl\/wp-json\/wp\/v2\/posts\/10820","targetHints":{"allow":["GET"]}}],"collection":[{"href":"https:\/\/www.adeo.com\/pl\/wp-json\/wp\/v2\/posts"}],"about":[{"href":"https:\/\/www.adeo.com\/pl\/wp-json\/wp\/v2\/types\/post"}],"author":[{"embeddable":true,"href":"https:\/\/www.adeo.com\/pl\/wp-json\/wp\/v2\/users\/3"}],"replies":[{"embeddable":true,"href":"https:\/\/www.adeo.com\/pl\/wp-json\/wp\/v2\/comments?post=10820"}],"version-history":[{"count":0,"href":"https:\/\/www.adeo.com\/pl\/wp-json\/wp\/v2\/posts\/10820\/revisions"}],"wp:featuredmedia":[{"embeddable":true,"href":"https:\/\/www.adeo.com\/pl\/wp-json\/wp\/v2\/media\/10526"}],"wp:attachment":[{"href":"https:\/\/www.adeo.com\/pl\/wp-json\/wp\/v2\/media?parent=10820"}],"wp:term":[{"taxonomy":"category","embeddable":true,"href":"https:\/\/www.adeo.com\/pl\/wp-json\/wp\/v2\/categories?post=10820"},{"taxonomy":"post_tag","embeddable":true,"href":"https:\/\/www.adeo.com\/pl\/wp-json\/wp\/v2\/tags?post=10820"}],"curies":[{"name":"wp","href":"https:\/\/api.w.org\/{rel}","templated":true}]}}