{"id":9641,"date":"2022-11-22T16:21:58","date_gmt":"2022-11-22T15:21:58","guid":{"rendered":"https:\/\/www.adeo.com\/news\/un-centre-de-formation-des-apprentis-cree-par-adeo\/"},"modified":"2022-12-27T16:31:06","modified_gmt":"2022-12-27T16:31:06","slug":"il-centro-di-formazione-adeo-le-competenze-al-servizio-dellhabitat-positivo","status":"publish","type":"post","link":"https:\/\/www.adeo.com\/it\/news\/il-centro-di-formazione-adeo-le-competenze-al-servizio-dellhabitat-positivo\/","title":{"rendered":"Il Centro di Formazione ADEO: le competenze al servizio dell\u2019habitat positivo"},"content":{"rendered":"<div class=\"wpb-content-wrapper\"><p>[vc_row][vc_column][vc_column_text]<span class=\"keb-headings keb-titre-h2 keb-titre-h4\">Il nostro obiettivo: garantire a tutti prospettive occupazionali sostenibili<\/span><br \/>\nRiparare, ristrutturare, sanificare, mettere in sicurezza l\u2019habitat: tutto ci\u00f2 contribuisce al benessere degli abitanti.<br \/>\nQuesta visione fa parte del nostro DNA, cos\u00ec come il bisogno di adoperarci per proporre soluzioni sostenibili, che rispettano il nostro pianeta. Poich\u00e9 i concetti di benessere e sostenibilit\u00e0 ci spingono ad andare sempre oltre, per noi \u00e8 essenziale condividerli sin da ora con i nostri futuri collaboratori, al fine di costruire il futuro insieme a loro.<br \/>\nDa questo auspicio nasce il Centro di Formazione degli Apprendisti (CFA) dedicato all\u2019habitat sostenibile.<\/p>\n<p>&nbsp;<\/p>\n<p>&nbsp;<\/p>\n<p><span class=\"keb-headings keb-titre-h2 keb-titre-h4\" style=\"color: #009eab;\">Il Centro di Formazione degli Apprendisti: una comunit\u00e0 impegnata per la formazione<\/span><br \/>\nCreato alla fine del 2019 e certificato <strong>Qualiopi<\/strong>*, il Centro di Formazione degli Apprendisti ADEO \u00e8 dedicato all\u2019habitat sostenibile. Tale centro si presenta sotto forma di una rete di formazione che si sviluppa in una ventina di licei, scuole e universit\u00e0 in Francia e all\u2019estero.<br \/>\nLa specificit\u00e0 di questo progetto: le aziende ADEO partecipano al progetto accogliendo gli studenti nei loro negozi, magazzini e servizi interni, per accompagnarli nel loro sviluppo e nella loro professionalizzazione.<\/p>\n<p>La formazione \u00e8 universitaria o qualificante. Le attivit\u00e0 di formazione riguardano i lavori che hanno a che fare con il miglioramento dell\u2019habitat: consulente di vendita specializzato in prodotti tecnici dell\u2019habitat sostenibile, addetto alla logistica, magazziniere, tecnico post-vendita, project manager in riqualificazione energetica.<\/p>\n<p>&nbsp;<\/p>\n<p>&nbsp;<\/p>\n<p><span class=\"keb-headings keb-titre-h2 keb-titre-h4\" style=\"color: #009eab;\">Formazione specifica sulle professioni del digitale<\/span><br \/>\nDi fronte ai cambiamenti della societ\u00e0, permettere ai collaboratori ADEO di continuare a sviluppare le loro competenze digitali \u00e8 una priorit\u00e0 altrettanto importante per costruire il futuro. Per St\u00e9phane Calmes, Direttore del Centro di Formazione degli Apprendisti, il ruolo di ADEO \u00e8 chiaro:<\/p>\n<p><strong><span class=\"keb-headings citation\" style=\"font-size: 16px;\">\u201cCome datore di lavoro, dobbiamo essere in grado di garantire la possibilit\u00e0 di crescere all\u2019interno delle aziende della piattaforma e di proporre uno sviluppo professionale soddisfacente\u201d.<\/span><\/strong><\/p>\n<p>&nbsp;<\/p>\n<p>Pertanto, abbiamo elaborato un programma di formazione relativo alle professioni del digitale.<br \/>\nProponiamo ai collaboratori ADEO di formarsi sui linguaggi del presente per crescere in termini professionali allo stesso ritmo dei progressi tecnologici.<\/p>\n<p>&nbsp;<\/p>\n<p>&nbsp;<\/p>\n<p><span class=\"keb-headings keb-titre-h2 keb-titre-h4\" style=\"color: #009eab;\">La volont\u00e0 di condividere il nostro know-how con il nostro ecosistema<\/span><br \/>\nIl nostro impegno sull\u2019habitat positivo si realizza anche mettendo in atto in modo progressivo dei percorsi di formazione inediti per soddisfare le aspettative degli artigiani partner e degli abitanti.<br \/>\nVogliamo accompagnare i primi nel miglioramento delle loro competenze sulle pratiche dell\u2019habitat sostenibile, e fornire ai secondi corsi concreti e di breve durata sulla gestione di strumenti e sull\u2019adozione di tecniche per acquisire maggiore sicurezza nella realizzazione dei loro progetti abitativi. Stiamo testando dei percorsi in proposito per poi implementarli su larga scala!<\/p>\n<p>&nbsp;<\/p>\n<p>&nbsp;<\/p>\n<p><span class=\"keb-headings keb-titre-h2 keb-titre-h4\" style=\"color: #009eab;\">Dal Centro di Formazione degli Apprendisti al Campus Mondiale dell\u2019Habitat<\/span><br \/>\nCome leader in termini di espansione a livello internazionale, ADEO ha riunito tutte queste iniziative creando il Campus Mondiale dell\u2019Habitat, destinato a formare collaboratori, futuri collaboratori, partner, clienti e abitanti del mondo.<br \/>\nLa nostra ambizione? Creare una comunit\u00e0 relativa alla conoscenza e all\u2019esperienza dell\u2019habitat sostenibile mediante un campus che specializza, riconosce, certifica, preserva l\u2019occupazione, costruisce percorsi professionali e rende orgogliose tutte le parti interessate dell\u2019habitat positivo.<\/p>\n<p>&nbsp;<\/p>\n<p><i>* La Certificazione Qualiopi attesta la qualit\u00e0 delle prestazioni proposte dagli enti di formazione sulla base del R\u00e9f\u00e9rentiel National Qualit\u00e9.<\/i>[\/vc_column_text][\/vc_column][\/vc_row][vc_row][vc_column]\t<div class=\"KVC_composant UIBT   \" id=\"uibt-\">\r\n\t\t<a href=\"https:\/\/campus-habitat.adeo.com\/\" title=\"\" class=\"\"  target=\"_blank\" rel=\"noopener noreferrer\" >Per saperne di pi\u00f9 su al Campus Mondiale dell\u2019Habitat<\/a>\t<\/div>\r\n\t[\/vc_column][\/vc_row]<\/p>\n<\/div>","protected":false},"excerpt":{"rendered":"<p>[vc_row][vc_column][vc_column_text]Il nostro obiettivo: garantire a tutti prospettive occupazionali sostenibili Riparare, ristrutturare, sanificare, mettere in sicurezza l\u2019habitat: tutto ci\u00f2 contribuisce al benessere degli abitanti. Questa visione fa parte del nostro DNA, cos\u00ec come il bisogno di adoperarci per proporre soluzioni sostenibili, che rispettano il nostro pianeta. Poich\u00e9 i concetti di benessere e sostenibilit\u00e0 ci spingono ad [&hellip;]<\/p>\n","protected":false},"author":3,"featured_media":8437,"comment_status":"closed","ping_status":"open","sticky":false,"template":"","format":"standard","meta":{"_acf_changed":false,"inline_featured_image":false,"footnotes":""},"categories":[77],"tags":[],"class_list":["post-9641","post","type-post","status-publish","format-standard","has-post-thumbnail","hentry","category-comprensione"],"acf":[],"_links":{"self":[{"href":"https:\/\/www.adeo.com\/it\/wp-json\/wp\/v2\/posts\/9641","targetHints":{"allow":["GET"]}}],"collection":[{"href":"https:\/\/www.adeo.com\/it\/wp-json\/wp\/v2\/posts"}],"about":[{"href":"https:\/\/www.adeo.com\/it\/wp-json\/wp\/v2\/types\/post"}],"author":[{"embeddable":true,"href":"https:\/\/www.adeo.com\/it\/wp-json\/wp\/v2\/users\/3"}],"replies":[{"embeddable":true,"href":"https:\/\/www.adeo.com\/it\/wp-json\/wp\/v2\/comments?post=9641"}],"version-history":[{"count":0,"href":"https:\/\/www.adeo.com\/it\/wp-json\/wp\/v2\/posts\/9641\/revisions"}],"wp:featuredmedia":[{"embeddable":true,"href":"https:\/\/www.adeo.com\/it\/wp-json\/wp\/v2\/media\/8437"}],"wp:attachment":[{"href":"https:\/\/www.adeo.com\/it\/wp-json\/wp\/v2\/media?parent=9641"}],"wp:term":[{"taxonomy":"category","embeddable":true,"href":"https:\/\/www.adeo.com\/it\/wp-json\/wp\/v2\/categories?post=9641"},{"taxonomy":"post_tag","embeddable":true,"href":"https:\/\/www.adeo.com\/it\/wp-json\/wp\/v2\/tags?post=9641"}],"curies":[{"name":"wp","href":"https:\/\/api.w.org\/{rel}","templated":true}]}}