{"id":11273,"date":"2023-01-23T16:29:07","date_gmt":"2023-01-23T15:29:07","guid":{"rendered":"https:\/\/www.adeo.com\/?p=11273"},"modified":"2023-01-23T18:11:36","modified_gmt":"2023-01-23T18:11:36","slug":"linsegna-bricomart-in-spagna-cambia-nome-e-diventa-obramat","status":"publish","type":"post","link":"https:\/\/www.adeo.com\/it\/news\/linsegna-bricomart-in-spagna-cambia-nome-e-diventa-obramat\/","title":{"rendered":"L\u2019insegna Bricomart in Spagna cambia nome e diventa Obramat"},"content":{"rendered":"<div class=\"wpb-content-wrapper\"><p>[vc_row][vc_column][vc_column_text]<span style=\"font-size: 17px;\"><strong>Ana, Roberto, perch\u00e9 il cambiamento del nome di Bricomart in Spagna era cos\u00ec importante?<\/strong><\/span><\/p>\n<p>&nbsp;<\/p>\n<p><strong>Ana Fombella<\/strong>: Dalla sua creazione in Spagna 16 anni fa, la nostra BU \u00e8 ben radicata ed \u00e8 molto rinomata sul mercato. Al momento del lancio di un importante piano di sviluppo, ci \u00e8 sembrato naturale allineare il nome con il posizionamento, ossia la vendita dei migliori prodotti dei migliori marchi, mediante i nostri negozi e un\u2019offerta omnicanale, ai costruttori professionisti. Obramat \u00e8 il connubio fra \u201cObra\u201d che significa \u201ccostruzione\u201d e \u201cMat\u201d, abbreviazione di \u201cmateriali\u201d.<br \/>\n<strong>Roberto Lopez<\/strong>: In effetti, bisognava mostrare una forma di coerenza con il cuore della nostra attivit\u00e0. Il termine \u201cBrico\u201d viene inteso come \u201cbricolage\u201d, \u201cdo it yourself\u201d (DIY), mentre di fatto noi siamo il partner privilegiato dei professionisti della ristrutturazione e della costruzione, nonch\u00e9 delle imprese indipendenti.<\/p>\n<p>&nbsp;<\/p>\n<p>&nbsp;<\/p>\n<p><strong><span style=\"font-size: 17px;\">In sostanza, quali sono le implicazioni per i vostri clienti, partner e leader?<\/span><\/strong><\/p>\n<p>&nbsp;<\/p>\n<p><strong>R.L.<\/strong>: Il nome Obramat descrive nel dettaglio la nostra attivit\u00e0, quindi \u00e8 percepito pi\u00f9 favorevolmente dai nostri clienti e partner. Il nostro lavoro e i rapporti non sono cambiati, per\u00f2 la chiarezza di questa denominazione facilita, ad esempio, il rilascio di licenze per aprire nuovi negozi da parte dell\u2019amministrazione.<br \/>\n<strong>A.F.<\/strong>: Non influisce sul nostro lavoro quotidiano, n\u00e9 sui rapporti di fiducia che abbiamo con oltre 5.000 leader. L\u2019evoluzione maggiore \u00e8 evidente nella nuova identit\u00e0 visiva dei nostri negozi. Abbiamo installato grandi pannelli e vetrofanie, palloncini, locandine; abbiamo dato a ciascun collaboratore uno zaino contenente un kit completo (manifesto, sticker, goodies&#8230;).<\/p>\n<p>&nbsp;<\/p>\n<p>&nbsp;<\/p>\n<p><span style=\"font-size: 17px;\"><strong>Qual \u00e8 stato il vostro ruolo specifico nell\u2019accompagnare il cambiamento del nome?<\/strong><\/span><\/p>\n<p>&nbsp;<\/p>\n<p><strong>R.L<\/strong>.: Ana ed io abbiamo collaborato alla guida della strategia, organizzando inoltre tutti i servizi coinvolti (informatica, ambito legale, lavori, merchandising&#8230;). Abbiamo adottato una comunicazione omnicanale nei confronti di clienti, fornitori e istituzioni. Questo progetto \u00e8 stato molto impegnativo ed entusiasmante al tempo stesso, perch\u00e9 abbiamo realizzato il cambiamento totale dell\u2019immagine del brand in soli 3 mesi!<br \/>\n<strong>A.F.<\/strong>: Il progetto \u00e8 stato una sfida che abbiamo affrontato lavorando fianco a fianco. Inoltre, abbiamo progettato una serie di strumenti di comunicazione interna per informare i leader in merito al consolidamento del nostro posizionamento di esperti.<\/p>\n<p>&nbsp;<\/p>\n<p>&nbsp;<\/p>\n<p><strong><span style=\"font-size: 17px;\">A tale proposito, Ana, potresti raccontarci come avete coinvolto i collaboratori?<\/span><\/strong><\/p>\n<p>&nbsp;<\/p>\n<p><strong>A.F.<\/strong>: Abbiamo creato un sito dedicato contenente informazioni specifiche durante ciascuna fase, oltre a una sezione FAQ per rispondere alle domande frequenti. La campagna interna \u00e8 stata lanciata ufficialmente ad Alcal\u00e1 de Guada\u00edra (Siviglia), perch\u00e9 l\u00ec \u00e8 stato aperto il primissimo negozio nel 2006. C\u2019era il nostro direttore e alcuni pionieri dell\u2019azienda, che hanno parlato della nostra storia. Volevamo festeggiare l\u2019inizio di una nuova era rendendo anche omaggio alle nostre origini. Questo evento \u00e8 stato condiviso in streaming e in diretta da tutti i nostri leader. Poi i manager hanno ricevuto una formazione specifica sulla pubblicazione di elementi di linguaggio per illustrare il progetto di rebranding.<\/p>\n<p>&nbsp;<\/p>\n<p>&nbsp;<\/p>\n<p><span style=\"font-size: 17px;\"><strong>E all\u2019esterno?<\/strong><\/span><\/p>\n<p>&nbsp;<\/p>\n<p><strong>R.L.<\/strong>: Con il supporto dei responsabili dei vari servizi, abbiamo elaborato una mappa dei rischi e delle opportunit\u00e0 e preparato una tabella di marcia in cui elencare le varie fasi. La campagna di comunicazione esterna era basata in particolare su spot radiofonici e una pubblicit\u00e0 specifica per la televisione e i social media. Abbiamo creato numerosi supporti, come cartelle e comunicati stampa nonch\u00e9 un manifesto che illustra la nostra ambizione: contribuire alla creazione di un mondo con materiali sostenibili ed efficaci.<\/p>\n<p>&nbsp;<\/p>\n<p>&nbsp;<\/p>\n<p><span style=\"font-size: 17px;\"><strong>Quali sono state le reazioni dopo l\u2019annuncio del nuovo nome?<\/strong><\/span><\/p>\n<p>&nbsp;<\/p>\n<p><strong>R.L.<\/strong>: Il mercato ha accolto positivamente il nome Obramat e la sua conformit\u00e0 con la nostra attivit\u00e0 effettiva. I messaggi trasmessi in occasione del rebranding, cio\u00e8 una maggiore prossimit\u00e0 nei confronti dei clienti, prodotti ancora pi\u00f9 sostenibili e la crescita del digitale, sono tematiche che rafforzano la posizione della nostra insegna per l\u2019avvenire.<br \/>\n<strong>A.F.<\/strong>: Internamente, i leader hanno reagito con entusiasmo, perch\u00e9 il nuovo nome corrisponde al nostro DNA. I nostri leader sono professionisti che lavorano per professionisti; sono fieri di questo nome che riflette le loro competenze.<\/p>\n<p>&nbsp;<\/p>\n<p>&nbsp;<\/p>\n<p><strong><span style=\"font-size: 17px;\">Qual \u00e8 il vostro primo bilancio su questo progetto di rebranding? E quali sono le vostre aspettative per il prossimo futuro?<\/span><\/strong><\/p>\n<p>&nbsp;<\/p>\n<p><strong>R.L.<\/strong>: Io vorrei elogiare il lavoro straordinario portato avanti da tutti i servizi coinvolti. \u00c8 davvero gratificante constatare il modo in cui i leader, i partner e le istituzioni hanno diffuso il cambiamento del nome sui social. Ora avremo una maggiore visibilit\u00e0 e potremo attirare nuovi clienti professionisti, che in passato erano riluttanti a entrare in un negozio contrassegnato \u201cbrico\u201d. Intendiamo diventare il punto di riferimento e l\u2019opzione di acquisto omnicanale preferita dei professionisti della costruzione e della ristrutturazione.<br \/>\n<strong>A.F.<\/strong>: Fra 3-4 mesi, Obramat sar\u00e0 l\u2019unica realt\u00e0 nella nostra mente, in quella dei clienti e del mercato. A poco a poco, diventer\u00e0 parte dell\u2019immaginario collettivo. Il nuovo nome sar\u00e0 la chiave per accelerare il nostro piano di sviluppo, attraverso l\u2019apertura di negozi in nuove citt\u00e0 e anche oltre, perch\u00e9 abbiamo una nuova sfida: <a href=\"https:\/\/www.adeo.com\/it\/news\/lancio-di-obramat-in-portogallo\/\">andare a conquistare il mercato dei professionisti in Portogallo.<\/a>[\/vc_column_text][\/vc_column][\/vc_row][vc_row][vc_column]<div class=\"adeo-section fullwidth bg-light\">\r\n\t<div class=\"ksc-lame-pictos\">\t\r\n        <div class=\"wrap-pictos wrap-resp\">\r\n                                    <div class=\"picto\">\r\n                                                                <div class=\"visu\" style=\"background-image:url('https:\/\/www.adeo.com\/wp-content\/uploads\/2022\/08\/picto-data-ok.svg');\"><\/div>\r\n                                                                <p class=\"titre keb-titre-h2\">32<\/p>\r\n                                                                <p class=\"ss_titre keb-titre-h5\">negozi<\/p>\r\n                                                                <p class=\"texte\">in Spagna<\/p>\r\n                                                    <\/div>\r\n                                    <div class=\"picto\">\r\n                                                                <div class=\"visu\" style=\"background-image:url('https:\/\/www.adeo.com\/wp-content\/uploads\/2022\/10\/picto-data-oeil.svg');\"><\/div>\r\n                                                                <p class=\"titre keb-titre-h2\">2<\/p>\r\n                                                                <p class=\"ss_titre keb-titre-h5\">mesi<\/p>\r\n                                                                <p class=\"texte\">per cambiare l\u2019identit\u00e0 visiva dei negozi<\/p>\r\n                                                    <\/div>\r\n                                    <div class=\"picto\">\r\n                                                                <div class=\"visu\" style=\"background-image:url('https:\/\/www.adeo.com\/wp-content\/uploads\/2022\/10\/picto-data-loupe.svg');\"><\/div>\r\n                                                                <p class=\"titre keb-titre-h2\">5000<\/p>\r\n                                                                <p class=\"ss_titre keb-titre-h5\">leader<\/p>\r\n                                                                <p class=\"texte\">Obramat<\/p>\r\n                                                    <\/div>\r\n                                    <div class=\"picto\">\r\n                                                                <div class=\"visu\" style=\"background-image:url('https:\/\/www.adeo.com\/wp-content\/uploads\/2022\/10\/picto-data-idee.svg');\"><\/div>\r\n                                                                <p class=\"titre keb-titre-h2\">20.000<\/p>\r\n                                                                <p class=\"ss_titre keb-titre-h5\">referenze<\/p>\r\n                                                                <p class=\"texte\">prodotti<\/p>\r\n                                                    <\/div>\r\n                    <\/div>\r\n\t<\/div>\r\n<\/div>\r\n[\/vc_column][\/vc_row]<\/p>\n<\/div>","protected":false},"excerpt":{"rendered":"<p>[vc_row][vc_column][vc_column_text]Ana, Roberto, perch\u00e9 il cambiamento del nome di Bricomart in Spagna era cos\u00ec importante? &nbsp; Ana Fombella: Dalla sua creazione in Spagna 16 anni fa, la nostra BU \u00e8 ben radicata ed \u00e8 molto rinomata sul mercato. Al momento del lancio di un importante piano di sviluppo, ci \u00e8 sembrato naturale allineare il nome con [&hellip;]<\/p>\n","protected":false},"author":3,"featured_media":11256,"comment_status":"closed","ping_status":"open","sticky":false,"template":"","format":"standard","meta":{"_acf_changed":false,"inline_featured_image":false,"footnotes":""},"categories":[61],"tags":[928,861,939,938,937],"class_list":["post-11273","post","type-post","status-publish","format-standard","has-post-thumbnail","hentry","category-non-categorizzato","tag-bricomart","tag-obramat","tag-professionisti","tag-spagna","tag-sviluppo"],"acf":[],"_links":{"self":[{"href":"https:\/\/www.adeo.com\/it\/wp-json\/wp\/v2\/posts\/11273","targetHints":{"allow":["GET"]}}],"collection":[{"href":"https:\/\/www.adeo.com\/it\/wp-json\/wp\/v2\/posts"}],"about":[{"href":"https:\/\/www.adeo.com\/it\/wp-json\/wp\/v2\/types\/post"}],"author":[{"embeddable":true,"href":"https:\/\/www.adeo.com\/it\/wp-json\/wp\/v2\/users\/3"}],"replies":[{"embeddable":true,"href":"https:\/\/www.adeo.com\/it\/wp-json\/wp\/v2\/comments?post=11273"}],"version-history":[{"count":0,"href":"https:\/\/www.adeo.com\/it\/wp-json\/wp\/v2\/posts\/11273\/revisions"}],"wp:featuredmedia":[{"embeddable":true,"href":"https:\/\/www.adeo.com\/it\/wp-json\/wp\/v2\/media\/11256"}],"wp:attachment":[{"href":"https:\/\/www.adeo.com\/it\/wp-json\/wp\/v2\/media?parent=11273"}],"wp:term":[{"taxonomy":"category","embeddable":true,"href":"https:\/\/www.adeo.com\/it\/wp-json\/wp\/v2\/categories?post=11273"},{"taxonomy":"post_tag","embeddable":true,"href":"https:\/\/www.adeo.com\/it\/wp-json\/wp\/v2\/tags?post=11273"}],"curies":[{"name":"wp","href":"https:\/\/api.w.org\/{rel}","templated":true}]}}