{"id":11095,"date":"2023-01-10T13:44:00","date_gmt":"2023-01-10T12:44:00","guid":{"rendered":"https:\/\/www.adeo.com\/news\/lintrapreneuriat-et-la-liberte-dinnover-au-sein-dadeo\/"},"modified":"2023-01-11T14:47:22","modified_gmt":"2023-01-11T14:47:22","slug":"lintraprenariato-e-la-liberta-di-innovare-allinterno-di-adeo","status":"publish","type":"post","link":"https:\/\/www.adeo.com\/it\/news\/lintraprenariato-e-la-liberta-di-innovare-allinterno-di-adeo\/","title":{"rendered":"L\u2019intraprenariato e la libert\u00e0 di innovare all\u2019interno di ADEO"},"content":{"rendered":"<div class=\"wpb-content-wrapper\"><p>[vc_row][vc_column][vc_column_text]<\/p>\n<h2><span class=\"keb-headings keb-titre-h4\">Lo spirito d\u2019iniziativa incoraggiato dalla cultura aziendale<\/span><\/h2>\n<p>Dal suo arrivo alla direzione di Leroy Merlin di Nizza, Jean-Luc Boschard ha messo in pratica in diverse occasioni la libert\u00e0 d\u2019impresa incoraggiata da ADEO.<\/p>\n<p>os\u00ec nel 2018, per via della difficolt\u00e0 di riempire il suo negozio di superficie ridotta in grado per\u00f2 di generare un fatturato importante, cerca di ottimizzare il rifornimento degli scaffali (MER) e lo delega a un fornitore partner GSF per effettuarlo di notte.<\/p>\n<p>In seguito, consapevole degli impatti del cambiamento climatico, soprattutto dopo i danni causati nell\u2019entroterra dalla tempesta Alex, decide con il suo team leader di creare un team dedicato all\u2019assistenza alla riqualificazione energetica dell\u2019habitat: <em>\u201cIn questo modo, miglioriamo l\u2019utilit\u00e0 sociale della nostra azienda\u201d<\/em>. Lo scorso ottobre, segue l\u2019esempio dell\u2019hub di spedizioni creato a Rosny-sous-Bois. <em>\u201cAbbiamo la fortuna di lavorare in un\u2019azienda che crea tante innovazioni e di avere collaboratori e leader pronti a condividere\u201d.<\/em><\/p>\n<p>Due anni fa, il direttore di Leroy Merlin Nizza ha confermato il suo grande interesse per l\u2019intraprenariato avviando un progetto innovativo, di cui ricorda gli inizi: <em>\u201cInsieme a due Leader di Negozio, Mickael e St\u00e9phane, abbiamo constatato un tasso di penetrazione nel cuore della citt\u00e0 di Nizza decisamente inferiore rispetto ai dintorni del negozio. Cos\u00ec abbiamo riflettuto sul modo di attirare i clienti che vivono in autarchia nel loro quartiere\u201d<\/em>.<\/p>\n<p>&nbsp;<\/p>\n<p>&nbsp;<\/p>\n<p><span class=\"keb-headings keb-titre-h4\">Un funzionamento simile a quello di una startup<\/span><br \/>\nInizia cos\u00ec un percorso a partire da studi di mercato finalizzati a individuare il segmento pi\u00f9 pertinente e redditizio: in tal caso, la cucina.<\/p>\n<p><em>\u201cCon l\u2019intraprenariato si considerano i dati di portata nazionale osservando al contempo la realt\u00e0 del mercato locale\u201d<\/em>. Jean-Luc Boschard e i suoi collaboratori decidono quindi di aprire una boutique-showroom in pieno centro, animata da venditori-consulenti, che offre servizi completi, dalla progettazione alla realizzazione.<\/p>\n<p>Devono innanzitutto elaborare i fattori chiave del successo. Ad esempio, si tratta di utilizzare i codici commerciali degli specialisti, quindi di costruire una vera e propria boutique, senza self-service, con i migliori venditori e la necessit\u00e0 di prendere appuntamento. <em>\u201cVolevamo un\u2019immagine da esperti, un percorso cliente e un percorso venditore in simmetria, il pi\u00f9 fluido possibile\u201d<\/em>. Per Jean-Luc Boschard \u00e8 il momento di difendere il suo progetto presso il leader di zona e il DG ADEO, che reagiscono positivamente. <em>\u201cEro favorito dalla mia esperienza e dal fatto di non richiedere alcun finanziamento\u201d<\/em>. In effetti, il budget si basa sul conto economico del negozio. Resta quindi da definire l\u2019ubicazione, ossia rue Mass\u00e9na, a Nizza, un quartiere residenziale, per poi costruire la boutique e il suo allestimento.<\/p>\n<p>LL\u2019intraprenariato si avvicina al funzionamento di una startup anche nella potenziale reversibilit\u00e0 del concept. Questo principio \u00e8 noto come <strong>\u00ab Lean startup \u00bb<\/strong>. Ci\u00f2 significa che il progetto viene valutato regolarmente e che pu\u00f2 essere oggetto di pivot: <em>\u201cSi pu\u00f2 dire stop, ci fermiamo, oppure si trova un espediente, un\u2019altra via per andare avanti, con l\u2019idea di adattarsi il pi\u00f9 possibile ai clienti e all\u2019ambiente. \u201d<\/em><\/p>\n<p>&nbsp;<\/p>\n<p>&nbsp;<\/p>\n<p><span class=\"keb-headings keb-titre-h4\">Primi risultati favorevoli<\/span><br \/>\nDopo la creazione della boutique cucina nel luglio del 2019, Jean-Luc Boschard e il suo team presentano altri due progetti simili: una boutique sala da bagno, creata nell\u2019ottobre del 2021, e un\u2019altra dedicata alla decorazione e all\u2019illuminazione, nata lo scorso novembre. La boutique cucina Leroy Merlin nel cuore di Nizza ha trovato il suo pubblico, con 350 cucine realizzate all\u2019anno e un portafoglio superiore a quello effettuato in negozio. La boutique sala da bagno sar\u00e0 oggetto di pivot, anche se il primo bilancio \u00e8 positivo. <em>\u201cDobbiamo migliorare l\u2019accompagnamento dei clienti senior che desiderano sale da bagno adatte a invecchiare bene a casa propria\u201d<\/em>. Infine, l\u2019ultima boutique dedicata alla decorazione della finestra e all\u2019illuminazione \u00e8 stata accolta con favore. Gli abitanti del centro che vivono in case dai soffitti molto alti sono appassionati di prodotti su misura.<\/p>\n<p>&nbsp;<\/p>\n<p><span class=\"keb-headings citation\" style=\"font-size: 16px;\">\u201cSiamo riusciti a portare a termine questi progetti perch\u00e9 abbiamo introdotto una nuova governance, basata su un processo decisionale condiviso.\u201d<\/span><\/p>\n<p>&nbsp;<\/p>\n<p>&nbsp;<\/p>\n<p><span class=\"keb-headings keb-titre-h4\">Ode alla collettivit\u00e0<\/span><br \/>\n<em>\u201cDa solo non potrei fare nulla\u201d<\/em>: ecco il credo ripetuto dal direttore di Leroy Merlin Nizza. Infatti, si considera come il commerciale dell\u2019avventura intraprenariale, una sorta di catalizzatore determinato, ingegnoso, circondato da ottimi professionisti di ogni generazione e dotato di un forte senso della condivisione: <em>condato da ottimi professionisti di ogni generazione e dotato di un forte senso della condivisione: \u201cSiamo riusciti a portare a termine i nostri progetti grazie alla nuova governance all\u2019interno del nostro negozio \u201d<\/em>. Le riflessioni sono di fatto organizzate in cellule, ognuna delle quali \u00e8 dedicata a un determinato argomento, riunendo collaboratori che soddisfano il trittico <em>\u201cpropensione, competenza, disponibilit\u00e0\u201d<\/em>.<\/p>\n<p><em>\u201cIl potere \u00e8 condiviso, cos\u00ec come il processo decisionale. Ci rifacciamo alla condivisione dell\u2019avere, del potere, del sapere e del volere, cos\u00ec cara alla nostra azienda\u201d<\/em>. All\u2019esterno, il negozio lavora con il suo ecosistema, in base al principio di partnership win-win. Lavora quindi con una societ\u00e0 di spedizioni di Nizza, Transcan, un\u2019altra che prepara gli ordini, e artigiani, tutti partner, cos\u00ec come una startup che ha progettato un sistema di geolocalizzazione e di CRM dei clienti.<br \/>\nMentre il team di Jean-Luc Boschard continua parallelamente l\u2019ampliamento del negozio, l\u2019intrapreneur sottolinea <em>\u201clo spirito di conquista che anima tutti i collaboratori\u201d<\/em>. Dal canto suo, sogna gi\u00e0 un nuovo progetto, una ferramenta in centro con servizi di assistenza alla riparazione a domicilio. Insomma, lo spirito dell\u2019intraprenariato \u00e8 profondamente radicato in lui&#8230;<\/p>\n<p>&nbsp;<\/p>\n<p>&nbsp;<\/p>\n<h2><span class=\"keb-headings keb-titre-h4\">La carriera di Jean-Luc Boschard in 4 date<\/span><\/h2>\n<p><span style=\"color: #009eac;\"><strong>\u2192 Agosto 1990:<\/strong><\/span> Jean-Luc Boschard entra in Leroy Merlin Nizza come stagista capo settore<br \/>\n<span style=\"color: #009eac;\"><strong>\u2192 Giugno 1999: <\/strong><\/span> viene nominato direttore di Leroy Merlin Perpignan<br \/>\n<span style=\"color: #009eac;\"><strong>\u2192 Maggio 2004:<\/strong><\/span> apre Leroy Merlin Vallauris<br \/>\n<span style=\"color: #009eac;\"><strong>\u2192 Settembre 2016:<\/strong><\/span> diventa direttore di Leroy Merlin Nizza[\/vc_column_text][\/vc_column][\/vc_row][vc_row][vc_column]<div class=\"adeo-section fullwidth bg-light\">\r\n\t<div class=\"ksc-lame-pictos\">\t\r\n        <div class=\"wrap-pictos wrap-resp\">\r\n                                    <div class=\"picto\">\r\n                                                                <div class=\"visu\" style=\"background-image:url('https:\/\/www.adeo.com\/wp-content\/uploads\/2022\/08\/picto-data-ok.svg');\"><\/div>\r\n                                                                <p class=\"titre keb-titre-h2\">8<\/p>\r\n                                                                <p class=\"ss_titre keb-titre-h5\">collaboratori<\/p>\r\n                                                                <p class=\"texte\">lavorano nelle boutique cucina e sala da bagno Leroy Merlin nel centro di Nizza<\/p>\r\n                                                    <\/div>\r\n                                    <div class=\"picto\">\r\n                                                                <div class=\"visu\" style=\"background-image:url('https:\/\/www.adeo.com\/wp-content\/uploads\/2022\/10\/picto-data-loupe.svg');\"><\/div>\r\n                                                                <p class=\"titre keb-titre-h2\">110<\/p>\r\n                                                                <p class=\"ss_titre keb-titre-h5\">m\u00b2 di superficie<\/p>\r\n                                                                <p class=\"texte\">per la boutique cucina, 160 m\u00b2 per la sala da bagno e 180 m\u00b2 per l\u2019illuminazione<\/p>\r\n                                                    <\/div>\r\n                                    <div class=\"picto\">\r\n                                                                <div class=\"visu\" style=\"background-image:url('https:\/\/www.adeo.com\/wp-content\/uploads\/2022\/10\/picto-data-oeil.svg');\"><\/div>\r\n                                                                <p class=\"titre keb-titre-h2\">5.500<\/p>\r\n                                                                <p class=\"ss_titre keb-titre-h5\">m\u00b2 di superficie<\/p>\r\n                                                                <p class=\"texte\">interna di vendita per Leroy Merlin Nizza<\/p>\r\n                                                    <\/div>\r\n                                    <div class=\"picto\">\r\n                                                                <div class=\"visu\" style=\"background-image:url('https:\/\/www.adeo.com\/wp-content\/uploads\/2022\/10\/picto-data-idee.svg');\"><\/div>\r\n                                                                <p class=\"titre keb-titre-h2\">350<\/p>\r\n                                                                <p class=\"ss_titre keb-titre-h5\">cucine<\/p>\r\n                                                                <p class=\"texte\">realizzate all\u2019anno<\/p>\r\n                                                    <\/div>\r\n                    <\/div>\r\n\t<\/div>\r\n<\/div>\r\n[\/vc_column][\/vc_row]<\/p>\n<\/div>","protected":false},"excerpt":{"rendered":"<p>[vc_row][vc_column][vc_column_text] Lo spirito d\u2019iniziativa incoraggiato dalla cultura aziendale Dal suo arrivo alla direzione di Leroy Merlin di Nizza, Jean-Luc Boschard ha messo in pratica in diverse occasioni la libert\u00e0 d\u2019impresa incoraggiata da ADEO. os\u00ec nel 2018, per via della difficolt\u00e0 di riempire il suo negozio di superficie ridotta in grado per\u00f2 di generare un fatturato [&hellip;]<\/p>\n","protected":false},"author":3,"featured_media":11057,"comment_status":"closed","ping_status":"open","sticky":false,"template":"","format":"standard","meta":{"_acf_changed":false,"inline_featured_image":false,"footnotes":""},"categories":[61],"tags":[],"class_list":["post-11095","post","type-post","status-publish","format-standard","has-post-thumbnail","hentry","category-non-categorizzato"],"acf":[],"_links":{"self":[{"href":"https:\/\/www.adeo.com\/it\/wp-json\/wp\/v2\/posts\/11095","targetHints":{"allow":["GET"]}}],"collection":[{"href":"https:\/\/www.adeo.com\/it\/wp-json\/wp\/v2\/posts"}],"about":[{"href":"https:\/\/www.adeo.com\/it\/wp-json\/wp\/v2\/types\/post"}],"author":[{"embeddable":true,"href":"https:\/\/www.adeo.com\/it\/wp-json\/wp\/v2\/users\/3"}],"replies":[{"embeddable":true,"href":"https:\/\/www.adeo.com\/it\/wp-json\/wp\/v2\/comments?post=11095"}],"version-history":[{"count":0,"href":"https:\/\/www.adeo.com\/it\/wp-json\/wp\/v2\/posts\/11095\/revisions"}],"wp:featuredmedia":[{"embeddable":true,"href":"https:\/\/www.adeo.com\/it\/wp-json\/wp\/v2\/media\/11057"}],"wp:attachment":[{"href":"https:\/\/www.adeo.com\/it\/wp-json\/wp\/v2\/media?parent=11095"}],"wp:term":[{"taxonomy":"category","embeddable":true,"href":"https:\/\/www.adeo.com\/it\/wp-json\/wp\/v2\/categories?post=11095"},{"taxonomy":"post_tag","embeddable":true,"href":"https:\/\/www.adeo.com\/it\/wp-json\/wp\/v2\/tags?post=11095"}],"curies":[{"name":"wp","href":"https:\/\/api.w.org\/{rel}","templated":true}]}}