{"id":15036,"date":"2023-11-28T13:26:51","date_gmt":"2023-11-28T12:26:51","guid":{"rendered":"https:\/\/www.adeo.com\/?p=15036"},"modified":"2024-07-31T11:43:35","modified_gmt":"2024-07-31T09:43:35","slug":"debido-a-un-problema-de-salud-philippe-zimmermann-pasa-el-testigo-de-la-direccion-general-de-adeo-a-thomas-bouret","status":"publish","type":"post","link":"https:\/\/www.adeo.com\/es\/news\/debido-a-un-problema-de-salud-philippe-zimmermann-pasa-el-testigo-de-la-direccion-general-de-adeo-a-thomas-bouret\/","title":{"rendered":"Debido a un problema de salud, Philippe Zimmermann pasa  el testigo de la direcci\u00f3n general de ADEO a Thomas Bouret"},"content":{"rendered":"<p><span class=\"keb-headings keb-titre-h5\">Thomas Bouret, que como director general de la unidad de negocio ha contribuido a la coconstrucci\u00f3n de la estrategia de ADEO, mantendr\u00e1 el mismo rumbo para llevar adelante el proyecto de ADEO:<\/span><\/p>\n<ul>\n<li>Una cultura humana fundamentada en un modelo de liderazgo \u00fanico, en la participaci\u00f3n y, por supuesto, en los clientes que est\u00e1n en el centro de nuestra atenci\u00f3n.<\/li>\n<li>Una estructura potente, con m\u00e1s de 1.000 tiendas y 6 plataformas digitales operativas, en una organizaci\u00f3n por retos y por pa\u00edses que funciona combinando los niveles local, com\u00fan y global.<\/li>\n<li>Una estrategia basada en las 3 curvas de comercio: minorista, omnicanal y plataforma, para crear valor humano, econ\u00f3mico y medioambiental.<\/li>\n<li>Un plan de desarrollo centrado en la renovaci\u00f3n energ\u00e9tica, las nuevas formas de comercio y el mercado de los profesionales del hogar.<\/li>\n<\/ul>\n<p>&nbsp;<\/p>\n<p><em>\u00abEn los \u00faltimos 7 a\u00f1os, Philippe ha hecho crecer la empresa en torno a una raz\u00f3n de ser estimulante e inspiradora para el hogar, con un impulso decisivo en nuestro impacto positivo. Ha desarrollado el marco de un ecosistema potente y ha hecho posible una transici\u00f3n tecnol\u00f3gica y digital esencial para ADEO. Todos estamos muy orgullosos de estas transformaciones de gran envergadura. M\u00e1s all\u00e1 de los grandes resultados econ\u00f3micos de este periodo, la acci\u00f3n de Philippe ha venido marcada ante todo por la inspiraci\u00f3n del proyecto y el desarrollo de los recursos humanos. En un plano m\u00e1s personal, hemos vivido una excelente colaboraci\u00f3n, cada uno en su funci\u00f3n, en estrecha relaci\u00f3n. En este periodo tan importante de nuestras trayectorias respectivas, hemos crecido en contacto el uno con el otro. Quiero expresar mi profundo reconocimiento a Philippe por su compromiso al servicio de todos los equipos de ADEO.  Thomas tiene mi plena confianza para continuar con el proyecto de ADEO al servicio de los habitantes. \u00c9l encarna el proyecto, ama a la empresa, es un emprendedor del movimiento y la conquista y, por encima de todo, es un excelente l\u00edder para los equipos y las partes interesadas.\u00bb<\/p>\n<p><\/em><\/p>\n<p>&nbsp;<\/p>\n<p><strong>Pierre-Alain Vielvoye<\/strong><br \/>\n<strong>Presidente del Consejo de Administraci\u00f3n de ADEO<\/strong><\/p>\n<hr \/>\n<p>&nbsp;<\/p>\n<p><span class=\"keb-headings keb-titre-h4\">Thomas Bouret<\/span><br \/>\nThomas tiene 51 a\u00f1os. Tras una primera experiencia como director de tienda Intersport, entr\u00f3 en Leroy Merlin en 1997 como jefe de sector en Le Mans, despu\u00e9s fue director de gesti\u00f3n regional en Par\u00eds y, por \u00faltimo, director de tienda en Sainte Genevi\u00e8ve des Bois. En 2006, Thomas se incorpor\u00f3 a Leroy Merlin Brasil como director regional, y posteriormente asumi\u00f3 la direcci\u00f3n general de Leroy Merlin Italia en 2011 y Leroy Merlin Francia en 2014. En julio de 2023, se incorpor\u00f3 a ADEO como director de desarrollo internacional.<\/p>\n<p>&nbsp;<\/p>\n<p><span class=\"keb-headings keb-titre-h4\">Philippe Zimmermann<\/span><br \/>\nPhilippe tiene 52 a\u00f1os y es director general de ADEO desde 2017.<br \/>\nPhilippe ha desarrollado una gran experiencia en la empresa, tras empezar su carrera en una tienda Leroy Merlin en 1993. Durante 14 a\u00f1os desempe\u00f1\u00f3 todas las misiones de la tienda, desde responsable de la secci\u00f3n de decoraci\u00f3n hasta director de tienda, pasando por log\u00edstica, control de gesti\u00f3n y servicio al cliente. Su enorme sensibilidad con el cliente y su liderazgo con \u00abel factor humano como base\u00bb permitieron a Philippe ostentar la direcci\u00f3n general de Leroy Merlin Francia de 2007 a 2014. Posteriormente se convirti\u00f3 en director general delegado de las marcas Leroy Merlin Europa del Este y director general delegado de ADEO Compras y Supply Chain. Desde 2017, como director general de ADEO, Philippe ha hecho emerger nuestra raz\u00f3n de ser \u00abWe Make Home a Positive Place to Live\u00bb, ha construido y guiado el proyecto \u00abPlataforma del hogar positivo\u00bb y ha acometido una profunda renovaci\u00f3n generacional de los directivos.<\/p>\n<p>&nbsp;<\/p>\n<hr \/>\n<p><span class=\"keb-headings keb-titre-h4\"><span style=\"color: #009eac\">Acerca de ADEO<\/span><\/span><\/p>\n<p>ADEO es l\u00edder en Europa y el tercer actor mundial del mercado de la mejora del hogar y el bricolaje, con un volumen de negocio de 37.800 M\u20ac (impuestos incluidos) en 2022.<\/p>\n<p>&nbsp;<\/p>\n<p>Gracias a su red de puntos de venta, marketplaces y socios de plataforma, ADEO distribuye sus soluciones para un hogar positivo en unos 20 pa\u00edses y es el \u00fanico actor de su mercado con tanta presencia internacional.ADEO es una plataforma de empresas abiertas y conectadas con socios. D\u00eda a d\u00eda, los colaboradores de nuestras empresas hacen accesibles en tiendas y en l\u00ednea los productos y soluciones \u00fatiles para los proyectos de los habitantes y los profesionales del hogar. Vivir en un entorno saludable, seguro, responsable, sostenible, econ\u00f3mico y confortable es una condici\u00f3n esencial para el bienestar de los habitantes en todo el mundo. Todos estamos impulsados por un sentido compartido de ser \u00fatiles. \u00datiles a nosotros mismos, a los dem\u00e1s y al mundo.  <\/p>\n<p>&nbsp;<br \/>\nLa organizaci\u00f3n de ADEO sigue este sentido, empezando por la adaptaci\u00f3n local, porque el hogar es local. En esta misma l\u00ednea, cada una de las empresas es responsable de sus decisiones sociales, econ\u00f3micas y medioambientales en su propio pa\u00eds, conforme a la cultura local.<br \/>\n&nbsp;<\/p>\n<p><span class=\"keb-headings keb-titre-h5\">WE MAKE HOME A POSITIVE PLACE TO LIVE<\/span><\/p>\n","protected":false},"excerpt":{"rendered":"<p>Thomas Bouret, que como director general de la unidad de negocio ha contribuido a la coconstrucci\u00f3n de la estrategia de ADEO, mantendr\u00e1 el mismo rumbo para llevar adelante el proyecto de ADEO: Una cultura humana fundamentada en un modelo de liderazgo \u00fanico, en la participaci\u00f3n y, por supuesto, en los clientes que est\u00e1n en el [&hellip;]<\/p>\n","protected":false},"author":3,"featured_media":15134,"comment_status":"closed","ping_status":"open","sticky":false,"template":"","format":"standard","meta":{"_acf_changed":false,"inline_featured_image":false,"footnotes":""},"categories":[60],"tags":[1438,1436,1435,1437],"class_list":["post-15036","post","type-post","status-publish","format-standard","has-post-thumbnail","hentry","category-sin-categorizar","tag-nota-de-prensa","tag-philippe-zimmermann","tag-pierre-alain-vielvoye","tag-thomas-bouret"],"acf":[],"_links":{"self":[{"href":"https:\/\/www.adeo.com\/es\/wp-json\/wp\/v2\/posts\/15036","targetHints":{"allow":["GET"]}}],"collection":[{"href":"https:\/\/www.adeo.com\/es\/wp-json\/wp\/v2\/posts"}],"about":[{"href":"https:\/\/www.adeo.com\/es\/wp-json\/wp\/v2\/types\/post"}],"author":[{"embeddable":true,"href":"https:\/\/www.adeo.com\/es\/wp-json\/wp\/v2\/users\/3"}],"replies":[{"embeddable":true,"href":"https:\/\/www.adeo.com\/es\/wp-json\/wp\/v2\/comments?post=15036"}],"version-history":[{"count":1,"href":"https:\/\/www.adeo.com\/es\/wp-json\/wp\/v2\/posts\/15036\/revisions"}],"predecessor-version":[{"id":16954,"href":"https:\/\/www.adeo.com\/es\/wp-json\/wp\/v2\/posts\/15036\/revisions\/16954"}],"wp:featuredmedia":[{"embeddable":true,"href":"https:\/\/www.adeo.com\/es\/wp-json\/wp\/v2\/media\/15134"}],"wp:attachment":[{"href":"https:\/\/www.adeo.com\/es\/wp-json\/wp\/v2\/media?parent=15036"}],"wp:term":[{"taxonomy":"category","embeddable":true,"href":"https:\/\/www.adeo.com\/es\/wp-json\/wp\/v2\/categories?post=15036"},{"taxonomy":"post_tag","embeddable":true,"href":"https:\/\/www.adeo.com\/es\/wp-json\/wp\/v2\/tags?post=15036"}],"curies":[{"name":"wp","href":"https:\/\/api.w.org\/{rel}","templated":true}]}}