{"id":10634,"date":"2022-12-20T23:00:23","date_gmt":"2022-12-20T22:00:23","guid":{"rendered":"https:\/\/www.adeo.com\/news\/les-bricos-du-coeur-adeo-sengage-benevolement-en-faveur-de-chantiers-damenagement-ou-de-decoration\/"},"modified":"2023-01-05T08:29:26","modified_gmt":"2023-01-05T08:29:26","slug":"les-bricos-du-coeur-ayudar-a-los-que-ayudan","status":"publish","type":"post","link":"https:\/\/www.adeo.com\/es\/news\/les-bricos-du-coeur-ayudar-a-los-que-ayudan\/","title":{"rendered":"Les Bricos du Coeur, ayudar a los que ayudan"},"content":{"rendered":"<div class=\"wpb-content-wrapper\"><p>[vc_row][vc_column][vc_column_text]Probablemente no fuera una casualidad que el primer proyecto efectuado por Les Bricos du Coeur, en octubre de 2011, estuviera destinado a Les Restos du Coeur. Ambas asociaciones surgen de la misma voluntad: promover el cambio. Para Les Bricos du Coeur, se trata de ayudar a los que ayudan (asociaciones, fundaciones, centros EHPAD para personas mayores dependientes, hospitales, etc.) mejorando el entorno de vida o trabajo de estas entidades sociales mediante la ejecuci\u00f3n de obras o la donaci\u00f3n de bienes.<\/p>\n<p>&nbsp;<\/p>\n<p>&nbsp;<\/p>\n<h2><span class=\"keb-headings keb-titre-h4\" style=\"color: #009eac;\">Dar y hacer bricolaje con utilidad<\/span><\/h2>\n<p>&nbsp;<\/p>\n<p><em>\u00abLes Bricos du Coeur tiene su origen en cuatro colaboradores de ADEO y una constataci\u00f3n: hay demasiadas empresas que tiran material de bricolaje (productos invendidos o con embalajes da\u00f1ados, fines de serie, art\u00edculos de exposici\u00f3n\u2026). Esta pr\u00e1ctica no solo tiene un coste, sino que no es muy responsable. Estos productos pod\u00edan recuperarse para apoyar, por ejemplo, a entidades de ayuda a personas con dificultades\u00bb<\/em>, explica Laurent Vergult, presidente de Les Bricos du Coeur y l\u00edder del desaf\u00edo Solidaridad de ADEO.<\/p>\n<p>Para funcionar, la asociaci\u00f3n cuenta con una serie de empresas asociadas que hacen donaciones econ\u00f3micas o materiales, sus trabajadores, y tambi\u00e9n voluntarios o j\u00f3venes dentro del Servicio Civil franc\u00e9s dispuestos a dedicar parte de su tiempo. <\/strong><\/p>\n<p><em>\u00abLas empresas acuden a nosotros porque reconocen nuestro saber hacer en el \u00e1mbito de los proyectos de obras solidarias. De este modo, facilitan la participaci\u00f3n de sus colaboradores en una acci\u00f3n solidaria.\u00bb <\/em>. McCain, Saint Gobain, Rexel, Ryobi\u2026 Las empresas involucradas son muchas. Y, por supuesto, ADEO.<\/p>\n<p>&nbsp;<\/p>\n<p>&nbsp;<\/p>\n<h2><span class=\"keb-headings keb-titre-h4\" style=\"color: #009eac;\">ADEO y Les Bricos du Coeur, una colaboraci\u00f3n natural<\/span><\/h2>\n<p>&nbsp;<\/p>\n<p>La colaboraci\u00f3n era obvia: Les Bricos du Coeur casa plenamente con los valores de ADEO y permite a los l\u00edderes de la plataforma ser a\u00fan m\u00e1s \u00fatiles, puesto que los colaboradores pueden hacer trabajo voluntario en las obras o hacer mecenazgo de sus habilidades. <\/p>\n<p><strong>El objetivo establecido por ADEO es de 1.000 proyectos anuales en todo el mundo y, adem\u00e1s, todos los nuevos colaboradores deben realizar una obra solidaria durante su periodo de integraci\u00f3n.<\/strong><\/p>\n<p>ADEO se compromete asimismo a donar un mill\u00f3n de productos \u00fatiles y solidarios al a\u00f1o. <em>\u00abADEO nos apoya econ\u00f3micamente y alojando en el aparcamiento de Terradeo en Ronchin nuestra carpa, donde almacenamos los productos que recibimos. Estos productos se utilizan en obras solidarias o se donan a entidades.\u00bb<\/em><\/p>\n<p>&nbsp;<\/p>\n<p>&nbsp;<\/p>\n<h2><span class=\"keb-headings keb-titre-h4\" style=\"color: #009eac;\">Actuar para seguir desarrollando proyectos solidarios<\/span><\/h2>\n<p>&nbsp;<\/p>\n<p>Les Bricos du Coeur est\u00e1 siempre en acci\u00f3n, siempre innovando. <\/p>\n<p><strong>Entre las numerosas tareas en curso,<\/strong> destaca la creaci\u00f3n de un <strong>sitio web<\/strong> para presentar las ofertas de voluntarios y de un <strong>sitio web de comercio electr\u00f3nico<\/strong> para fomentar la salida de stocks de productos entre el p\u00fablico en general, m\u00e1s all\u00e1 de su ubicaci\u00f3n concreta actual. Precisamente en relaci\u00f3n con los productos, Les Bricos du Coeur est\u00e1 confeccionando una lista con los <strong>100 bienes m\u00e1s demandados para solicitarlos a las empresas.<\/strong><\/p>\n<p>Tambi\u00e9n existe un proyecto de red de ferreter\u00edas solidarias destinada a las clases modestas y la remodelaci\u00f3n de una antigua escuela que albergar\u00e1 la sede de la asociaci\u00f3n Les Bricos du Coeur, una ferreter\u00eda solidaria, un espacio de \u00abcoworking\u00bb, un sal\u00f3n de eventos, un caf\u00e9 asociativo, una cafeter\u00eda a modo de taller de reparaci\u00f3n, y un espacio dedicado a la econom\u00eda social y solidaria. Les Bricos du Coeur tiene una gran actividad, pero todav\u00eda quiere llegar m\u00e1s lejos: esta entidad reconocida como asociaci\u00f3n de inter\u00e9s general quiere adherirse al estatus de utilidad p\u00fablica, \u00bfy por qu\u00e9 no, en cinco a\u00f1os llegar a ser una de las 100 asociaciones m\u00e1s importantes del mundo?<\/p>\n<p>&nbsp;<\/p>\n<hr \/>\n<p>&nbsp;<\/p>\n<h2><span class=\"keb-headings keb-titre-h4\">Opiniones<\/span><\/h2>\n<p>&nbsp;<\/p>\n<p><strong>Sandrine Vecchio, responsable de secci\u00f3n de Leroy Merlin en Villeneuve d&#8217;Ascq <\/strong><\/p>\n<p><span class=\"keb-headings citation\" style=\"font-size: 16px;\">\u00abSoy voluntaria desde el verano de 2021. Tras una obra solidaria en que conoc\u00ed a personas fant\u00e1sticas, sent\u00ed la necesidad de ser \u00fatil. Estoy en la carpa de Les Bricos du Coeur, donde preparo las donaciones para las entidades beneficiarias. Para m\u00ed es un placer enorme estar con otras personas que comparten la misma motivaci\u00f3n: ayudar a los que ayudan. La escucha, la ayuda mutua y la entrega son parte de la vivencia diaria en la carpa. Tengo un gran recuerdo de una obra en el centro EHPAD de L&#8217;Or\u00e9e du Mont, en Halluin: pas\u00e9 una tarde fant\u00e1stica, cargada de emoci\u00f3n y del deseo de compartir. Pude conocer a algunos enfermos de Alzheimer acompa\u00f1ados por sus cuidadores, y tambi\u00e9n a otros colaboradores de ADEO con quienes hicimos las obras. Un bonito intercambio de grandes recuerdos.\u00bb <\/span><\/p>\n<p>&nbsp;<\/p>\n<p>&nbsp;<\/p>\n<p><strong>B\u00e9n\u00e9dicte Woestelandt, exauxiliar de direcci\u00f3n de ADEO<\/strong><\/p>\n<p><span class=\"keb-headings citation\" style=\"font-size: 16px;\">\u00abPongamos que a una vida profesional intensa y trepidante, le a\u00f1adimos un \u00faltimo a\u00f1o de mecenazgo de competencias. Lo mezclamos todo con perfiles diversos y variados: colaboradores de Les Bricos du Coeur, servicios civiles, alumnos de estudios duales, aprendices, l\u00edderes del desaf\u00edo Solidaridad de ADEO y voluntarios. Le sumamos unas dosis generosas de trabajo en equipo, polivalencia, adaptaci\u00f3n y mentalidad abierta. Cocemos a fuego lento hasta obtener una familia unida y solidaria. Y por \u00faltimo, pero lo m\u00e1s importante, lo salpimentamos con bonitos encuentros, muchas risas, y momentos sorprendentes e inolvidables. Dejamos reposar un a\u00f1o y obtendremos una experiencia muy enriquecedora, una de las mejores de toda una carrera profesional. \u00a1Gracias a todo el equipo! \u00a1Gracias, Les Bricos du Coeur! \u00bfMis proyectos? Jubilarme, pero con una condici\u00f3n: \u00a1seguir haciendo voluntariado en Les Bricos du Coeur!\u00bb <\/span>[\/vc_column_text][\/vc_column][\/vc_row][vc_row][vc_column]<div class=\"adeo-section fullwidth bg-light\">\r\n\t<div class=\"ksc-lame-pictos\">\t\r\n        <div class=\"wrap-pictos wrap-resp\">\r\n                                    <div class=\"picto\">\r\n                                                                <div class=\"visu\" style=\"background-image:url('https:\/\/www.adeo.com\/wp-content\/uploads\/2022\/08\/picto-data-ok.svg');\"><\/div>\r\n                                                                <p class=\"titre keb-titre-h2\">1127<\/p>\r\n                                                                <p class=\"ss_titre keb-titre-h5\">obras <\/p>\r\n                                                                <p class=\"texte\">realizadas en todo el mundo 586 en Francia<\/p>\r\n                                                    <\/div>\r\n                                    <div class=\"picto\">\r\n                                                                <div class=\"visu\" style=\"background-image:url('https:\/\/www.adeo.com\/wp-content\/uploads\/2022\/10\/picto-data-oeil.svg');\"><\/div>\r\n                                                                <p class=\"titre keb-titre-h2\">11<\/p>\r\n                                                                <p class=\"ss_titre keb-titre-h5\">pa\u00edses<\/p>\r\n                                                                <p class=\"texte\">comprometidos con la asociaci\u00f3n Les Bricos du Coeur<\/p>\r\n                                                    <\/div>\r\n                                    <div class=\"picto\">\r\n                                                                <div class=\"visu\" style=\"background-image:url('https:\/\/www.adeo.com\/wp-content\/uploads\/2022\/10\/picto-data-loupe.svg');\"><\/div>\r\n                                                                <p class=\"titre keb-titre-h2\">7000<\/p>\r\n                                                                <p class=\"ss_titre keb-titre-h5\">l\u00edderes<\/p>\r\n                                                                <p class=\"texte\">con al menos una experiencia vivida en Les Bricos du Coeur<\/p>\r\n                                                    <\/div>\r\n                                    <div class=\"picto\">\r\n                                                                <div class=\"visu\" style=\"background-image:url('https:\/\/www.adeo.com\/wp-content\/uploads\/2022\/10\/picto-data-idee.svg');\"><\/div>\r\n                                                                <p class=\"titre keb-titre-h2\">500<\/p>\r\n                                                                <p class=\"ss_titre keb-titre-h5\">entidades <\/p>\r\n                                                                <p class=\"texte\">beneficiarias<\/p>\r\n                                                    <\/div>\r\n                    <\/div>\r\n\t<\/div>\r\n<\/div>\r\n[\/vc_column][\/vc_row]<\/p>\n<\/div>","protected":false},"excerpt":{"rendered":"<p>[vc_row][vc_column][vc_column_text]Probablemente no fuera una casualidad que el primer proyecto efectuado por Les Bricos du Coeur, en octubre de 2011, estuviera destinado a Les Restos du Coeur. Ambas asociaciones surgen de la misma voluntad: promover el cambio. Para Les Bricos du Coeur, se trata de ayudar a los que ayudan (asociaciones, fundaciones, centros EHPAD para personas [&hellip;]<\/p>\n","protected":false},"author":3,"featured_media":10531,"comment_status":"closed","ping_status":"open","sticky":false,"template":"","format":"standard","meta":{"_acf_changed":false,"inline_featured_image":false,"footnotes":""},"categories":[60],"tags":[],"class_list":["post-10634","post","type-post","status-publish","format-standard","has-post-thumbnail","hentry","category-sin-categorizar"],"acf":[],"_links":{"self":[{"href":"https:\/\/www.adeo.com\/es\/wp-json\/wp\/v2\/posts\/10634","targetHints":{"allow":["GET"]}}],"collection":[{"href":"https:\/\/www.adeo.com\/es\/wp-json\/wp\/v2\/posts"}],"about":[{"href":"https:\/\/www.adeo.com\/es\/wp-json\/wp\/v2\/types\/post"}],"author":[{"embeddable":true,"href":"https:\/\/www.adeo.com\/es\/wp-json\/wp\/v2\/users\/3"}],"replies":[{"embeddable":true,"href":"https:\/\/www.adeo.com\/es\/wp-json\/wp\/v2\/comments?post=10634"}],"version-history":[{"count":0,"href":"https:\/\/www.adeo.com\/es\/wp-json\/wp\/v2\/posts\/10634\/revisions"}],"wp:featuredmedia":[{"embeddable":true,"href":"https:\/\/www.adeo.com\/es\/wp-json\/wp\/v2\/media\/10531"}],"wp:attachment":[{"href":"https:\/\/www.adeo.com\/es\/wp-json\/wp\/v2\/media?parent=10634"}],"wp:term":[{"taxonomy":"category","embeddable":true,"href":"https:\/\/www.adeo.com\/es\/wp-json\/wp\/v2\/categories?post=10634"},{"taxonomy":"post_tag","embeddable":true,"href":"https:\/\/www.adeo.com\/es\/wp-json\/wp\/v2\/tags?post=10634"}],"curies":[{"name":"wp","href":"https:\/\/api.w.org\/{rel}","templated":true}]}}