{"id":10560,"date":"2022-12-20T23:00:23","date_gmt":"2022-12-20T22:00:23","guid":{"rendered":"https:\/\/www.adeo.com\/news\/les-bricos-du-coeur-adeo-sengage-benevolement-en-faveur-de-chantiers-damenagement-ou-de-decoration\/"},"modified":"2023-01-11T08:25:54","modified_gmt":"2023-01-11T08:25:54","slug":"the-bricos-du-coeur-helping-people-who-help-people","status":"publish","type":"post","link":"https:\/\/www.adeo.com\/en\/news\/the-bricos-du-coeur-helping-people-who-help-people\/","title":{"rendered":"The Bricos du C\u0153ur, helping people who help people"},"content":{"rendered":"<div class=\"wpb-content-wrapper\"><p>[vc_row][vc_column][vc_column_text]In October 2011, it\u2019s no coincidence that the first project carried out by the Bricos du C\u0153ur was for the Restos du C\u0153ur. Both associations were born of the same desire, to make a difference. For the Bricos du C\u0153ur, it\u2019s all about helping people who help people (associations, foundations, retirement homes, hospitals\u2026) by improving the working environment or life inside these social institutions, through the organisation of projects or the donation of products.<\/p>\n<h2><span class=\"keb-headings keb-titre-h4\" style=\"color: #009eac;\">Useful donations and DIY<\/span><\/h2>\n<p>&nbsp;<\/p>\n<p><em>\u201cIn the beginning, the Bricos du C\u0153ur was four ADEO employees and an observation: far too many companies were throwing away their DIY materials (unsold items, damaged packaging, end of series, display articles, etc.). Not only is this costly, but it is not very responsible either. These products could be recovered to support, for instance, structures that help people in need\u201d<\/em>, explains Laurent Vergult, Chairman of the Bricos du C\u0153ur and Leader of the Solidarity Challenge at ADEO.<\/p>\n<p>In order to operate, <strong>the association can count on its partner companies for financial or materials donations, on its workforce, but also on volunteers or young people doing civic service who are prepared to offer their time.<\/strong><\/p>\n<p><em>\u201cCompanies come to us because our know-how in interdependent projects is well known. As such, they can easily allow their employees to take part in a solidarity initiative\u201d<\/em>. McCain, Saint Gobain, Rexel, Ryobi\u2026 there are many that get involved. And of course, there is ADEO.<\/p>\n<p>&nbsp;<\/p>\n<p>&nbsp;<\/p>\n<h2><span class=\"keb-headings keb-titre-h4\" style=\"color: #009eac;\">ADEO X Les bricos du C\u0153ur, a natural partnership<\/span><\/h2>\n<p>&nbsp;<\/p>\n<p>The partnership was an obvious one. The values of the Bricos du C\u0153ur are entirely in line with those of ADEO and it enables platform leaders to be ever more useful, employees can be volunteers on projects or engage in skills mentoring.<\/p>\n<p><strong>The goal set by ADEO: 1,000 projects carried out every year worldwide \u2013 in fact, every new employee will work on a solidarity project as part of their integration.<\/strong><\/p>\n<p>ADEO also commits to donating one million useful and solidary products per year. <em>\u201cADEO supports us, both financially and by hosting our marquee in the car park of Terradeo in Ronchin, a veritable store of the products that we receive. Products to be used on solidarity projects or donated to the different structures\u201d.<\/em><\/p>\n<p>&nbsp;<\/p>\n<p>&nbsp;<\/p>\n<h2><span class=\"keb-headings keb-titre-h4\" style=\"color: #009eac;\">Acting to develop even more solidarity projects<\/span><\/h2>\n<p>&nbsp;<\/p>\n<p>The Bricos du C\u0153ur is always in action, always innovative.<\/p>\n<p><strong>There are numerous projects under way:<\/strong> the creation of a <strong>website<\/strong> to present volunteer opportunities, but also an <strong>e-commerce website<\/strong> to promote the distribution of stocks to a wider public than just the local clearance sale. In terms of products, the Bricos du C\u0153ur is in the process of compiling a <strong>Top 100 of the most in-demand items in order to appeal to companies in this respect.<\/strong><\/p>\n<p>There is also the project for a network of solidary hardware outlets for low-income earners and the project of establishing a central location in a disused school that will house the headquarters of the Bricos du C\u0153ur, a solidary hardware outlet, a co-working space, an events area, an associative coffee shop, a repair shop and a space dedicated to the social economy and solidarity initiatives. The Bricos du C\u0153ur does a lot and wants to go further still. Already recognised as an association for the common good, it would now like to be recognised of public utility, and why not, in five years time, be one of the Top 100 associations worldwide.<\/p>\n<p>&nbsp;<\/p>\n<hr \/>\n<p>&nbsp;<\/p>\n<h2><span class=\"keb-headings keb-titre-h4\">Volunteers\u2019 testimonies<\/span><\/h2>\n<p>&nbsp;<\/p>\n<p><strong>Sandrine Vecchio, Head of Department at Leroy Merlin, Villeneuve d\u2019Ascq<\/strong><\/p>\n<p><span class=\"keb-headings citation\" style=\"font-size: 16px;\">\u201cI\u2019ve been a volunteer since summer 2021. Following a solidarity project where I met some amazing people, I felt the need to be useful. I help out in the Bricos\u2019 marquee preparing donations for the beneficiary structures. For me, it\u2019s a great joy to discover all these people united for the same reasons: to help the people who help the people. Listening, mutual support, kindness all abound every time I visit the marquee. I have fond memories of the project at the retirement home in Or\u00e9e du Mont in Halluin. I spent a wonderful afternoon, full of emotion and sharing. I was able to meet residents affected by Alzheimer\u2019s disease accompanied by their carers and I also got to know other ADEO employees with whom I did some DIY work. Fulfilling interactions and great memories\u201d.<\/span><\/p>\n<p>&nbsp;<\/p>\n<p>&nbsp;<\/p>\n<p><strong>B\u00e9n\u00e9dicte Woestelandt, a former Director\u2019s Assistant at ADEO<\/strong><\/p>\n<p><span class=\"keb-headings citation\" style=\"font-size: 16px;\">\u201cTake an intense and hectic professional career, add a final year of skills mentoring. Mix with diverse and varied profiles: collaborators from the Bricos du C\u0153ur, civic service participants, apprentices, interns, leaders from the ADEO solidarity challenge, volunteers. Add (be generous) team work, versatility, a capacity for adaptation and an open mind. Simmer to obtain a beautiful, united and close-knit family. Season it all \u2013 and this is the most important \u2013 with rich encounters, laughter, surprising and unforgettable moments. Let it rise for about a year and you have an extremely enriching experience, one of the best of my entire career. Thank you to the whole team! Thank you to the Bricos! What next for me? Retirement, but on one condition\u2026 that I remain a volunteer for the Bricos du C\u0153ur!\u201d.<\/span>[\/vc_column_text][\/vc_column][\/vc_row][vc_row][vc_column]<div class=\"adeo-section fullwidth bg-light\">\r\n\t<div class=\"ksc-lame-pictos\">\t\r\n        <div class=\"wrap-pictos wrap-resp\">\r\n                                    <div class=\"picto\">\r\n                                                                <div class=\"visu\" style=\"background-image:url('https:\/\/www.adeo.com\/wp-content\/uploads\/2022\/08\/picto-data-ok.svg');\"><\/div>\r\n                                                                <p class=\"titre keb-titre-h2\">1,127<\/p>\r\n                                                                <p class=\"ss_titre keb-titre-h5\">projects<\/p>\r\n                                                                <p class=\"texte\">carried out worldwide, 586 of which in France<\/p>\r\n                                                    <\/div>\r\n                                    <div class=\"picto\">\r\n                                                                <div class=\"visu\" style=\"background-image:url('https:\/\/www.adeo.com\/wp-content\/uploads\/2022\/10\/picto-data-oeil.svg');\"><\/div>\r\n                                                                <p class=\"titre keb-titre-h2\">11<\/p>\r\n                                                                <p class=\"ss_titre keb-titre-h5\">countries<\/p>\r\n                                                                <p class=\"texte\">involved with the association, the Bricos du Coeur<\/p>\r\n                                                    <\/div>\r\n                                    <div class=\"picto\">\r\n                                                                <div class=\"visu\" style=\"background-image:url('https:\/\/www.adeo.com\/wp-content\/uploads\/2022\/10\/picto-data-loupe.svg');\"><\/div>\r\n                                                                <p class=\"titre keb-titre-h2\">7,000<\/p>\r\n                                                                <p class=\"ss_titre keb-titre-h5\">leaders<\/p>\r\n                                                                <p class=\"texte\">taken part in an experience with the Bricos du Coeur<\/p>\r\n                                                    <\/div>\r\n                                    <div class=\"picto\">\r\n                                                                <div class=\"visu\" style=\"background-image:url('https:\/\/www.adeo.com\/wp-content\/uploads\/2022\/10\/picto-data-idee.svg');\"><\/div>\r\n                                                                <p class=\"titre keb-titre-h2\">500<\/p>\r\n                                                                <p class=\"ss_titre keb-titre-h5\">structures<\/p>\r\n                                                                <p class=\"texte\">have received help form the Bricos du Coeur<\/p>\r\n                                                    <\/div>\r\n                    <\/div>\r\n\t<\/div>\r\n<\/div>\r\n[\/vc_column][\/vc_row]<\/p>\n<\/div>","protected":false},"excerpt":{"rendered":"<p>[vc_row][vc_column][vc_column_text]In October 2011, it\u2019s no coincidence that the first project carried out by the Bricos du C\u0153ur was for the Restos du C\u0153ur. Both associations were born of the same desire, to make a difference. For the Bricos du C\u0153ur, it\u2019s all about helping people who help people (associations, foundations, retirement homes, hospitals\u2026) by improving [&hellip;]<\/p>\n","protected":false},"author":3,"featured_media":10523,"comment_status":"closed","ping_status":"open","sticky":false,"template":"","format":"standard","meta":{"_acf_changed":false,"inline_featured_image":false,"footnotes":""},"categories":[2],"tags":[839,840,841,806,842,837,835],"class_list":["post-10560","post","type-post","status-publish","format-standard","has-post-thumbnail","hentry","category-uncategorized","tag-assistance","tag-foundation","tag-partnership","tag-platform","tag-projects","tag-solidarity","tag-volunteering"],"acf":[],"_links":{"self":[{"href":"https:\/\/www.adeo.com\/en\/wp-json\/wp\/v2\/posts\/10560","targetHints":{"allow":["GET"]}}],"collection":[{"href":"https:\/\/www.adeo.com\/en\/wp-json\/wp\/v2\/posts"}],"about":[{"href":"https:\/\/www.adeo.com\/en\/wp-json\/wp\/v2\/types\/post"}],"author":[{"embeddable":true,"href":"https:\/\/www.adeo.com\/en\/wp-json\/wp\/v2\/users\/3"}],"replies":[{"embeddable":true,"href":"https:\/\/www.adeo.com\/en\/wp-json\/wp\/v2\/comments?post=10560"}],"version-history":[{"count":0,"href":"https:\/\/www.adeo.com\/en\/wp-json\/wp\/v2\/posts\/10560\/revisions"}],"wp:featuredmedia":[{"embeddable":true,"href":"https:\/\/www.adeo.com\/en\/wp-json\/wp\/v2\/media\/10523"}],"wp:attachment":[{"href":"https:\/\/www.adeo.com\/en\/wp-json\/wp\/v2\/media?parent=10560"}],"wp:term":[{"taxonomy":"category","embeddable":true,"href":"https:\/\/www.adeo.com\/en\/wp-json\/wp\/v2\/categories?post=10560"},{"taxonomy":"post_tag","embeddable":true,"href":"https:\/\/www.adeo.com\/en\/wp-json\/wp\/v2\/tags?post=10560"}],"curies":[{"name":"wp","href":"https:\/\/api.w.org\/{rel}","templated":true}]}}